{"id":62255,"date":"2017-04-28T06:32:04","date_gmt":"2017-04-28T09:32:04","guid":{"rendered":"http:\/\/argentinamunicipal.com.ar\/argentina\/?p=62255"},"modified":"2017-04-28T06:32:04","modified_gmt":"2017-04-28T09:32:04","slug":"la-construccion-asoma-desde-pozo","status":"publish","type":"post","link":"http:\/\/argentinamunicipal.com.ar\/argentina\/la-construccion-asoma-desde-pozo\/","title":{"rendered":"La construcci\u00f3n asoma desde el pozo"},"content":{"rendered":"<p>La reactivaci\u00f3n de la obra p\u00fablica desde niveles m\u00ednimos permiti\u00f3 el primer aumento del sector desde que gobierna Macri. En el trimestre la recuperaci\u00f3n fue de 1,8 por ciento. El empleo a\u00fan cae frente a 2015.<\/p>\n<p>Luego de 15 meses de ca\u00eddas consecutivas, la actividad de la construcci\u00f3n logr\u00f3 en marzo su primera mejora en la administraci\u00f3n de Cambiemos, seg\u00fan inform\u00f3 ayer el Indec. El sector registr\u00f3 un alza de 10,8 por ciento respecto de igual mes del a\u00f1o pasado, con el impulso de la obra p\u00fablica y el ingreso de fondos provenientes del blanqueo que activaron algunos desarrollos puntuales. La cifra confirma que el sector lleg\u00f3 a un piso desde el cual empieza a asomar. Debido al fuerte rebote de marzo, el primer trimestre cerr\u00f3 en positivo con un alza de 1,8 por ciento. La encuesta de expectativas dio cuenta de que los empresarios que realizan obra p\u00fablica son m\u00e1s optimistas que los dedicados a construcciones privadas respecto a que haya una mejora en el pr\u00f3ximo trimestre.<\/p>\n<p>El Indec inform\u00f3 adem\u00e1s los datos del empleo en el sector, con resultados a febrero. La cantidad de trabajadores avanz\u00f3 hasta 411.934, 0,8 por ciento m\u00e1s con relaci\u00f3n al mes anterior. Contra igual mes del a\u00f1o pasado registr\u00f3 una suba de 2,2 por ciento (8709 puestos), pero si se los compara con febrero de 2015, se encuentra a\u00fan 4,2 por ciento por debajo de esos registros, lo que implic\u00f3 la p\u00e9rdida de 18.135 puestos.<\/p>\n<p>La apuesta del Gobierno es que una parte del dinero ingresado en el \u00faltimo blanqueo ayude a reactivar la construcci\u00f3n. A esto deber\u00eda sumarse el impacto de los planes de acceso a la vivienda y las obras viales. Sin embargo, todav\u00eda no se registr\u00f3 una recuperaci\u00f3n s\u00f3lida del segmento inmobiliario y la mejora en la actividad responde a obra p\u00fablica. La p\u00e9rdida de poder adquisitivo y las altas tasas de inter\u00e9s que mantiene el gobierno para frenar la inflaci\u00f3n conspiran con el sue\u00f1o de la casa propia.<\/p>\n<p>En informe s\u00f3lo aporta datos de actividad desde inicios del a\u00f1o pasado, lo que imposibilita hacer una comparaci\u00f3n a m\u00e1s largo plazo y determinar cu\u00e1l fue el grado de deterioro de las pol\u00edticas del gobierno. Desde diciembre de 2015 el desempe\u00f1o de la actividad fue de desmejora, con retrocesos de hasta m\u00e1s de 24 por ciento en t\u00e9rminos interanuales y en marzo \u00faltimo arroj\u00f3 su primera alza.<\/p>\n<p>El informe oficial se\u00f1ala que los consumos aparentes de insumos para la construcci\u00f3n en marzo exhibieron subas de 85,5 por ciento en asfalto, 31,2 por ciento en hierro redondo para hormig\u00f3n, 18,3 por ciento en resto de insumos (incluye vidrio para construcci\u00f3n y tubos de acero sin costura), 16 por ciento en cemento, 10,2 por ciento en placas de yeso, 6,8 por ciento en pinturas y de 0,3 en pisos y revestimientos cer\u00e1micos. Se trata en su mayor\u00eda de insumos dedicados a grandes obras p\u00fablicas. En el caso de insumos que se utilizan para viviendas continuaron los retrocesos. Hubo bajas de 10,9 por ciento en art\u00edculos sanitarios de cer\u00e1mica y 1,6 por ciento en ladrillos huecos.<\/p>\n<p>Otro dato que anticipa el desempe\u00f1o de la actividad en los pr\u00f3ximos meses es la superficie cubierta autorizada por los permisos de edificaci\u00f3n. Este indicador para la ejecuci\u00f3n de obras privadas en una n\u00f3mina representativa de 41 municipios, registr\u00f3 en marzo una suba de 40,5 por ciento con relaci\u00f3n al mes anterior. Con respecto al mismo mes de 2016, registr\u00f3 una suba de 3,5 por ciento. La superficie cubierta autorizada en el primer trimestre representa una disminuci\u00f3n de 1,4 por ciento respecto de igual per\u00edodo del a\u00f1o anterior.<\/p>\n<p>En la encuesta cualitativa, que recoge las previsiones de empresarios del sector sobre el comportamiento de la actividad en el pr\u00f3ximo trimestre (abril-junio). \u201cQuienes prev\u00e9n cambios en el nivel de actividad se inclinan preferentemente hacia la suba, se dediquen tanto a realizar principalmente obras privadas como p\u00fablicas, siendo m\u00e1s optimistas estos \u00faltimos\u201d, detalla el informe.<\/p>\n<h6>Fuente: P\u00e1gina 12<\/h6>\n","protected":false},"excerpt":{"rendered":"<p>La reactivaci\u00f3n de la obra p\u00fablica desde niveles m\u00ednimos permiti\u00f3 el primer aumento del sector desde que gobierna Macri. En el trimestre la recuperaci\u00f3n fue de 1,8 por ciento. El empleo a\u00fan cae frente a 2015.<\/p>\n","protected":false},"author":2,"featured_media":62256,"comment_status":"closed","ping_status":"closed","sticky":false,"template":"","format":"standard","meta":{"footnotes":""},"categories":[8],"tags":[21],"class_list":["post-62255","post","type-post","status-publish","format-standard","has-post-thumbnail","hentry","category-informe-nacional","tag-argentina"],"_links":{"self":[{"href":"http:\/\/argentinamunicipal.com.ar\/argentina\/wp-json\/wp\/v2\/posts\/62255","targetHints":{"allow":["GET"]}}],"collection":[{"href":"http:\/\/argentinamunicipal.com.ar\/argentina\/wp-json\/wp\/v2\/posts"}],"about":[{"href":"http:\/\/argentinamunicipal.com.ar\/argentina\/wp-json\/wp\/v2\/types\/post"}],"author":[{"embeddable":true,"href":"http:\/\/argentinamunicipal.com.ar\/argentina\/wp-json\/wp\/v2\/users\/2"}],"replies":[{"embeddable":true,"href":"http:\/\/argentinamunicipal.com.ar\/argentina\/wp-json\/wp\/v2\/comments?post=62255"}],"version-history":[{"count":0,"href":"http:\/\/argentinamunicipal.com.ar\/argentina\/wp-json\/wp\/v2\/posts\/62255\/revisions"}],"wp:featuredmedia":[{"embeddable":true,"href":"http:\/\/argentinamunicipal.com.ar\/argentina\/wp-json\/wp\/v2\/media\/62256"}],"wp:attachment":[{"href":"http:\/\/argentinamunicipal.com.ar\/argentina\/wp-json\/wp\/v2\/media?parent=62255"}],"wp:term":[{"taxonomy":"category","embeddable":true,"href":"http:\/\/argentinamunicipal.com.ar\/argentina\/wp-json\/wp\/v2\/categories?post=62255"},{"taxonomy":"post_tag","embeddable":true,"href":"http:\/\/argentinamunicipal.com.ar\/argentina\/wp-json\/wp\/v2\/tags?post=62255"}],"curies":[{"name":"wp","href":"https:\/\/api.w.org\/{rel}","templated":true}]}}