{"id":62258,"date":"2017-04-28T06:35:35","date_gmt":"2017-04-28T09:35:35","guid":{"rendered":"http:\/\/argentinamunicipal.com.ar\/argentina\/?p=62258"},"modified":"2017-04-28T06:35:35","modified_gmt":"2017-04-28T09:35:35","slug":"mas-locales-cerrados-capital","status":"publish","type":"post","link":"http:\/\/argentinamunicipal.com.ar\/argentina\/mas-locales-cerrados-capital\/","title":{"rendered":"M\u00e1s locales cerrados en\u00a0Capital"},"content":{"rendered":"<p>La cantidad de locales comerciales desocupados en la Ciudad de Buenos Aires aument\u00f3 un 8,8 por ciento en los \u00faltimos cinco meses y alcanz\u00f3 un nuevo r\u00e9cord. En marzo, el 9,5 por ciento de los locales en los principales barrios comerciales se encontraron vac\u00edos y el promedio de establecimientos en desuso por cuadra se ubic\u00f3 en 3,7, el mayor nivel desde marzo de 2013. Los datos surgen del relevamiento de 19.066 locales en un radio de 495 cuadras realizado por la Federaci\u00f3n de Comercio e Industria de la Ciudad de Buenos Aires (Fecoba). Seg\u00fan la CAME, las ventas minoristas cayeron en marzo un 4,4 por ciento y acumulan en el a\u00f1o una merma del 3,7 por ciento.<\/p>\n<p>\u201cLas fuertes subas de los alquileres y de los costos generales, en un contexto donde la demanda interna cumple 16 meses consecutivos de ca\u00eddas est\u00e1n llevando a muchos comercios minoristas y mayoristas a replantearse el negocio. Algunos empresarios cerraron sucursales, otros buscaron cuadras con precios m\u00e1s bajos y otros directamente cerraron para comenzar alguna nueva actividad\u201d, indic\u00f3 Osvaldo Cornide, presidente de la Fecoba.<\/p>\n<p>En Avenida de Mayo fueron relevados 241 locales de los cuales 178 est\u00e1n ocupados y 63 vac\u00edos, lo que supone un factor de ocupaci\u00f3n de s\u00f3lo el 73,9 por ciento, una baja de casi 10 puntos porcentuales frente a la marca del a\u00f1o pasado. En Avenida S\u00e1enz se relevaron 303 locales de los cuales 248 estaban ocupados y 55 vac\u00edos (el 18,2 por ciento), mientras que en Avenida Santa Fe, un 16,2 por ciento de locales est\u00e1n vac\u00edos. En cambio, en la Avenida Avellaneda el factor de ocupaci\u00f3n se elev\u00f3 al 98,9 por ciento, es decir que pr\u00e1cticamente no se encontraron locales vac\u00edos luego del desalojo de los manteros. En el barrio de Once, de 2737 locales relevados a lo largo de 29 cuadras se encontraron 93 establecimiento vac\u00edos, que si bien es mucho en cantidad, arroja un factor de ocupaci\u00f3n de 96,6 por ciento.<\/p>\n<h6>Fuente: P\u00e1gina 12<\/h6>\n","protected":false},"excerpt":{"rendered":"<p>La cantidad de locales comerciales desocupados en la Ciudad de Buenos Aires aument\u00f3 un 8,8 por ciento en los \u00faltimos cinco meses y alcanz\u00f3 un nuevo r\u00e9cord.<\/p>\n","protected":false},"author":2,"featured_media":62259,"comment_status":"closed","ping_status":"closed","sticky":false,"template":"","format":"standard","meta":{"footnotes":""},"categories":[5],"tags":[12],"class_list":["post-62258","post","type-post","status-publish","format-standard","has-post-thumbnail","hentry","category-informe-economico","tag-buenos-aires"],"_links":{"self":[{"href":"http:\/\/argentinamunicipal.com.ar\/argentina\/wp-json\/wp\/v2\/posts\/62258","targetHints":{"allow":["GET"]}}],"collection":[{"href":"http:\/\/argentinamunicipal.com.ar\/argentina\/wp-json\/wp\/v2\/posts"}],"about":[{"href":"http:\/\/argentinamunicipal.com.ar\/argentina\/wp-json\/wp\/v2\/types\/post"}],"author":[{"embeddable":true,"href":"http:\/\/argentinamunicipal.com.ar\/argentina\/wp-json\/wp\/v2\/users\/2"}],"replies":[{"embeddable":true,"href":"http:\/\/argentinamunicipal.com.ar\/argentina\/wp-json\/wp\/v2\/comments?post=62258"}],"version-history":[{"count":0,"href":"http:\/\/argentinamunicipal.com.ar\/argentina\/wp-json\/wp\/v2\/posts\/62258\/revisions"}],"wp:featuredmedia":[{"embeddable":true,"href":"http:\/\/argentinamunicipal.com.ar\/argentina\/wp-json\/wp\/v2\/media\/62259"}],"wp:attachment":[{"href":"http:\/\/argentinamunicipal.com.ar\/argentina\/wp-json\/wp\/v2\/media?parent=62258"}],"wp:term":[{"taxonomy":"category","embeddable":true,"href":"http:\/\/argentinamunicipal.com.ar\/argentina\/wp-json\/wp\/v2\/categories?post=62258"},{"taxonomy":"post_tag","embeddable":true,"href":"http:\/\/argentinamunicipal.com.ar\/argentina\/wp-json\/wp\/v2\/tags?post=62258"}],"curies":[{"name":"wp","href":"https:\/\/api.w.org\/{rel}","templated":true}]}}