{"id":62261,"date":"2017-04-28T06:44:58","date_gmt":"2017-04-28T09:44:58","guid":{"rendered":"http:\/\/argentinamunicipal.com.ar\/argentina\/?p=62261"},"modified":"2017-04-28T06:44:58","modified_gmt":"2017-04-28T09:44:58","slug":"sancor-protestas-autoconvocadas-distintas-localidades","status":"publish","type":"post","link":"http:\/\/argentinamunicipal.com.ar\/argentina\/sancor-protestas-autoconvocadas-distintas-localidades\/","title":{"rendered":"SanCor: Protestas autoconvocadas en distintas localidades"},"content":{"rendered":"<p>En ciudades como Santa Fe y G\u00e1lvez los trabajadores montaron acampes. En la planta cordobesa de Balnearia los obreros piden respuestas.<\/p>\n<p>La crisis por la que atraviesa la firma Sancor tuvo uno de sus epicentros ayer en la capital santafesina, donde 80 empleados de la planta ubicada sobre calle Pedro V\u00edttori se autoconvocaron para montar un acampe y denunciaron que hace m\u00e1s de un mes y medio que no perciben sus haberes. \u00abEn esta planta, trabajamos 80 personas. Hoy s\u00f3lo producimos 16 productos de los 160 que elabor\u00e1bamos y desde hace un mes y medio que no estamos cobrando el sueldo. No sabemos por qu\u00e9 el gobierno nacional no respet\u00f3 el acuerdo que hizo con Sancor y nuestro gremio, donde se contemplaba una ayuda financiera para salir del ahogo\u00bb, dijo el delegado de Atilra Santa Fe, Cristian Alassia.<\/p>\n<p>El conflicto se reactiv\u00f3 con diversas protestas de gremios y organizaciones sociales en las distintas plantas ubicadas en las provincias de Santa Fe y C\u00f3rdoba encabezadas por los trabajadores y las fuerzas sociales. En la ciudad de G\u00e1lvez se instal\u00f3 una carpa frente a la planta y se realizaron piquetes en las rutas de acceso a la ciudad.<\/p>\n<p>Seg\u00fan el sombr\u00edo pron\u00f3stico que traz\u00f3 ayer Eduardo Pitt\u00f3n, delegado de los trabajadores de Sancor en G\u00e1lvez, \u00abla situaci\u00f3n se va agravar despu\u00e9s de las elecciones\u00bb, al tiempo que alert\u00f3 que \u00absi la Naci\u00f3n no ayuda la compa\u00f1\u00eda podr\u00eda desaparecer\u00bb.<\/p>\n<p>Hoy los empleados de las plantas de Centeno, y G\u00e1lvez se manifestar\u00e1n al mediod\u00eda en la ruta 34, y la autopista Rosario-Santa Fe, respectivamente y planean realizar un corte parcial y una volanteada.<\/p>\n<p><strong>En territorio cordob\u00e9s<\/strong><\/p>\n<p>En tanto, los trabajadores de una de las plantas de Sancor que fabrica quesos, ubicada en la localidad cordobesa de Balnearia, en el noroeste de esa provincia, se autoconvocaron ayer en la puerta de la f\u00e1brica para demandar una respuesta a la cr\u00edtica situaci\u00f3n. Seg\u00fan denunciaron, desde el mi\u00e9rcoles no est\u00e1n trabajando en esa industria que fabrica exclusivamente quesos duros y semiduros y est\u00e1n demandado \u00abque alguien del gremio o de la empresa se acerque para explicarnos c\u00f3mo seguimos, si la planta se cierra o no, porque nadie sabe qu\u00e9 hacer\u00bb, manifestaron con angustia.<\/p>\n<p>En esa planta trabajan unos 120 obreros, quienes \u2014explicaron\u2014 tomaron esa decisi\u00f3n luego de que d\u00edas atr\u00e1s \u00aben forma inusual\u00bb llegaron tres camiones y cargaron toda la mercader\u00eda posible. \u00abAhora nos quedamos ac\u00e1, no queremos que se lleven todo el queso que est\u00e1 producido\u00bb, dijeron con alarma.<\/p>\n<p>La crisis de la planta de Balnearia, pueblo de unos 7.000 habitantes, tambi\u00e9n impacta en su econom\u00eda. \u00abEl consumo est\u00e1 paralizado y hay casi $3,5 millones mensuales menos circulando en el pueblo\u00bb, dijeron.<\/p>\n<h6>Fuente: La Capital Rosario<\/h6>\n","protected":false},"excerpt":{"rendered":"<p>En ciudades como Santa Fe y G\u00e1lvez los trabajadores montaron acampes. En la planta cordobesa de Balnearia los obreros piden respuestas.<\/p>\n","protected":false},"author":2,"featured_media":62262,"comment_status":"closed","ping_status":"closed","sticky":false,"template":"","format":"standard","meta":{"footnotes":""},"categories":[5],"tags":[21],"class_list":["post-62261","post","type-post","status-publish","format-standard","has-post-thumbnail","hentry","category-informe-economico","tag-argentina"],"_links":{"self":[{"href":"http:\/\/argentinamunicipal.com.ar\/argentina\/wp-json\/wp\/v2\/posts\/62261","targetHints":{"allow":["GET"]}}],"collection":[{"href":"http:\/\/argentinamunicipal.com.ar\/argentina\/wp-json\/wp\/v2\/posts"}],"about":[{"href":"http:\/\/argentinamunicipal.com.ar\/argentina\/wp-json\/wp\/v2\/types\/post"}],"author":[{"embeddable":true,"href":"http:\/\/argentinamunicipal.com.ar\/argentina\/wp-json\/wp\/v2\/users\/2"}],"replies":[{"embeddable":true,"href":"http:\/\/argentinamunicipal.com.ar\/argentina\/wp-json\/wp\/v2\/comments?post=62261"}],"version-history":[{"count":0,"href":"http:\/\/argentinamunicipal.com.ar\/argentina\/wp-json\/wp\/v2\/posts\/62261\/revisions"}],"wp:featuredmedia":[{"embeddable":true,"href":"http:\/\/argentinamunicipal.com.ar\/argentina\/wp-json\/wp\/v2\/media\/62262"}],"wp:attachment":[{"href":"http:\/\/argentinamunicipal.com.ar\/argentina\/wp-json\/wp\/v2\/media?parent=62261"}],"wp:term":[{"taxonomy":"category","embeddable":true,"href":"http:\/\/argentinamunicipal.com.ar\/argentina\/wp-json\/wp\/v2\/categories?post=62261"},{"taxonomy":"post_tag","embeddable":true,"href":"http:\/\/argentinamunicipal.com.ar\/argentina\/wp-json\/wp\/v2\/tags?post=62261"}],"curies":[{"name":"wp","href":"https:\/\/api.w.org\/{rel}","templated":true}]}}