{"id":62267,"date":"2017-04-28T07:06:01","date_gmt":"2017-04-28T10:06:01","guid":{"rendered":"http:\/\/argentinamunicipal.com.ar\/argentina\/?p=62267"},"modified":"2017-04-28T07:06:01","modified_gmt":"2017-04-28T10:06:01","slug":"soyem-bariloche-rechaza-resolucion-retiro-voluntario","status":"publish","type":"post","link":"http:\/\/argentinamunicipal.com.ar\/argentina\/soyem-bariloche-rechaza-resolucion-retiro-voluntario\/","title":{"rendered":"El SOYEM Bariloche rechaza resoluci\u00f3n sobre retiro voluntario"},"content":{"rendered":"<p>En el marco de la conferencia de prensa que brind\u00f3 ayer, la Comisi\u00f3n Directiva del Sindicato de Obreros y Empleados Municipales (SOYEM) de Bariloche expres\u00f3 sus fundamentos en rechazo a la Resoluci\u00f3n 2129-i-2017 \u00abRetiro Voluntario\u00bb.<\/p>\n<p>Al respecto, inform\u00f3 que dicha resoluci\u00f3n emitida por el Ejecutivo Municipal \u00abno es viable\u00bb y agreg\u00f3 que \u00abes poco oportuno el ofrecimiento dispuesto en la misma\u00bb. Tambi\u00e9n invit\u00f3 a \u00ablos trabajadores municipales a no firmar ning\u00fan formulario de acogimiento a lo ofrecido hasta tanto se informe fehacientemente en qu\u00e9 situaci\u00f3n quedar\u00e1n en el caso de adherirse al retiro voluntario\u00bb.<\/p>\n<p>Por otro lado, los referentes gremiales describieron que \u00aba partir del primer an\u00e1lisis realizado, surge a simple vista que dicha propuesta es perjudicial para el trabajador y su familia, que \u00e9sta atiende s\u00f3lo a las necesidades del Ejecutivo Municipal, reducir los costos laborales, en clara concurrencia con la visi\u00f3n neoliberal imperante en la pol\u00edtica dirimida por quienes conducen el Estado\u00bb.<\/p>\n<p>\u00abA los trabajadores les decimos que dicha resoluci\u00f3n no habla de aportes hasta el momento de jubilarse, es decir, es s\u00f3lo una renuncia encubierta a ser parte de la Instituci\u00f3n Municipal, perdiendo todo derecho a jubilarse\u00bb.<\/p>\n<p>Por \u00faltimo, invitaron a los trabajadores municipales que tengan consultas o dudas a acercarse al SUM \u00abJos\u00e9 Luis L\u00e1zaro\u00bb en Gallardo 1262, el jueves 4 de mayo a las 16 horas.<\/p>\n<h6>Fuente: El Cordillerano<\/h6>\n","protected":false},"excerpt":{"rendered":"<p>En el marco de la conferencia de prensa que brind\u00f3 ayer, la Comisi\u00f3n Directiva del Sindicato de Obreros y Empleados Municipales (SOYEM) de Bariloche expres\u00f3 sus fundamentos en rechazo a la Resoluci\u00f3n 2129-i-2017 \u00abRetiro Voluntario\u00bb.<\/p>\n","protected":false},"author":2,"featured_media":62268,"comment_status":"closed","ping_status":"closed","sticky":false,"template":"","format":"standard","meta":{"footnotes":""},"categories":[7],"tags":[11],"class_list":["post-62267","post","type-post","status-publish","format-standard","has-post-thumbnail","hentry","category-informe-sindical","tag-rio-negro"],"_links":{"self":[{"href":"http:\/\/argentinamunicipal.com.ar\/argentina\/wp-json\/wp\/v2\/posts\/62267","targetHints":{"allow":["GET"]}}],"collection":[{"href":"http:\/\/argentinamunicipal.com.ar\/argentina\/wp-json\/wp\/v2\/posts"}],"about":[{"href":"http:\/\/argentinamunicipal.com.ar\/argentina\/wp-json\/wp\/v2\/types\/post"}],"author":[{"embeddable":true,"href":"http:\/\/argentinamunicipal.com.ar\/argentina\/wp-json\/wp\/v2\/users\/2"}],"replies":[{"embeddable":true,"href":"http:\/\/argentinamunicipal.com.ar\/argentina\/wp-json\/wp\/v2\/comments?post=62267"}],"version-history":[{"count":0,"href":"http:\/\/argentinamunicipal.com.ar\/argentina\/wp-json\/wp\/v2\/posts\/62267\/revisions"}],"wp:featuredmedia":[{"embeddable":true,"href":"http:\/\/argentinamunicipal.com.ar\/argentina\/wp-json\/wp\/v2\/media\/62268"}],"wp:attachment":[{"href":"http:\/\/argentinamunicipal.com.ar\/argentina\/wp-json\/wp\/v2\/media?parent=62267"}],"wp:term":[{"taxonomy":"category","embeddable":true,"href":"http:\/\/argentinamunicipal.com.ar\/argentina\/wp-json\/wp\/v2\/categories?post=62267"},{"taxonomy":"post_tag","embeddable":true,"href":"http:\/\/argentinamunicipal.com.ar\/argentina\/wp-json\/wp\/v2\/tags?post=62267"}],"curies":[{"name":"wp","href":"https:\/\/api.w.org\/{rel}","templated":true}]}}