{"id":62270,"date":"2017-04-28T07:10:50","date_gmt":"2017-04-28T10:10:50","guid":{"rendered":"http:\/\/argentinamunicipal.com.ar\/argentina\/?p=62270"},"modified":"2017-04-28T07:10:50","modified_gmt":"2017-04-28T10:10:50","slug":"brasil-huelga-general-medidas-ajuste-temer","status":"publish","type":"post","link":"http:\/\/argentinamunicipal.com.ar\/argentina\/brasil-huelga-general-medidas-ajuste-temer\/","title":{"rendered":"Brasil: huelga general contra medidas de ajuste de Temer"},"content":{"rendered":"<p>Los mayores sindicatos del pa\u00eds parar\u00e1n hoy y se movilizar\u00e1n contra las medidas de austeridad impulsadas por el gobierno. Desempleo r\u00e9cord.<\/p>\n<p>Las mayores centrales sindicales de Brasil convocaron para hoy a una huelga general y a manifestaciones contra las medidas de austeridad impulsadas por el presidente Michel Temer, en un pa\u00eds que se debate ante la recesi\u00f3n y un desempleo r\u00e9cord.<\/p>\n<p>El gobierno, confrontado al esc\u00e1ndalo de corrupci\u00f3n de Petrobras que salpica a varios ministros y a buena parte de la base aliada, apuesta sin embargo por un r\u00e1pido avance de las impopulares reformas del r\u00e9gimen laboral y de las jubilaciones.<\/p>\n<p>La huelga amenaza con paralizar los transportes, incluyendo los aeropuertos. Varias aerol\u00edneas ya propusieron a sus clientes cambiar gratuitamente sus vuelos previstos para el viernes.<\/p>\n<p>En San Pablo, el motor de la mayor econom\u00eda latinoamericana, el alcalde Joao Doria anunci\u00f3 un acuerdo con la aplicaci\u00f3n Uber y con una compa\u00f1\u00eda de taxis online para asegurar el traslado de funcionarios p\u00fablicos que se nieguen a plegarse a la medida de fuerza.<\/p>\n<p>Seg\u00fan medios brasile\u00f1os, Temer orden\u00f3 que los funcionarios huelguistas se queden sin cobrar el d\u00eda, contrariamente a lo acostumbrado en Brasil cuando se trata de paros legales.<\/p>\n<p>Gremios docentes, de hospitales y de correos anunciaron tambi\u00e9n su adhesi\u00f3n al movimiento, al igual que sindicatos metal\u00fargicos y bancarios en el sector privado.<\/p>\n<p>\u201c\u00a1Se calienta la huelga general: el 28 para todo!\u201d, escribe en su portal la Central \u00danica de los trabajadores (CUT), la mayor del pa\u00eds.<\/p>\n<p><strong>Iglesia Cat\u00f3lica se suma<\/strong><\/p>\n<p>\u201cLa movilizaci\u00f3n es necesaria para mostrarle al gobierno la fuerza de la clase trabajadora, que rechaza la p\u00e9rdida de derechos\u201d, afirm\u00f3 Paulo Pereira da Silva, m\u00e1s conocido como Paulinho da For\u00e7a, presidente de otra central For\u00e7a Sindical.<\/p>\n<p>El dirigente, que tambi\u00e9n es diputado de un partido de la base aliada de Temer, Solidariedade, amenaza con pasar a la oposici\u00f3n si las reformas se aprueban sin modificaciones.<\/p>\n<p>La Conferencia Nacional de Obispos (CNBB) se sum\u00f3 a las cr\u00edticas y llam\u00f3 a \u201clos cristianos y a las personas de buena voluntad\u201d a movilizarse contra la reforma de las jubilaciones, que pretende alargar los periodos de contribuciones y la edad m\u00ednima del retiro para tener derecho a una pensi\u00f3n completa.<\/p>\n<p>Temer reemplaz\u00f3 en 2016 a la presidenta de izquierda Dilma Rousseff, destituida por el Congreso bajo la acusaci\u00f3n de manipular las cuentas p\u00fablicas. La tasa de popularidad del mandatario conservador es de apenas un 10%.<\/p>\n<p>Los sindicatos intensificaron este a\u00f1o las contestaci\u00f3n, con dos jornadas de protestas, el 15 y el 31 de marzo.<\/p>\n<p>La reforma laboral ya recibi\u00f3 media sanci\u00f3n el mi\u00e9rcoles en la C\u00e1mara de Diputados y ahora deber\u00e1 examinarla el Senado. Sus disposiciones dan m\u00e1s poder a los acuerdos colectivos en detrimento de la legislaci\u00f3n y elimina la contribuci\u00f3n obligatoria a los sindicatos.<\/p>\n<p>La flexibilizaci\u00f3n del mercado laboral es vista como clave para reducir el desempleo, que se encuentra en un nivel r\u00e9cord de 13,2%.<\/p>\n<p>El texto fue aprobado por 296 votos a favor y 177 en contra, una mayor\u00eda menor a la esperada por las deserciones de aliados y que ser\u00eda insuficiente para modificar el r\u00e9gimen de jubilaciones, por tratarse de una reforma constitucional, que requiere la adhesi\u00f3n de 308 de los 513 diputados (tres quintos de los esca\u00f1os).<\/p>\n<p><strong>Solicitan que comparta datos sobre Odebrecht<\/strong><\/p>\n<p>Siete pa\u00edses latinoamericanos le pidieron a Brasil compartir informaci\u00f3n sobre los acuerdos judiciales a los que llegaron ejecutivos de la empresa de construcci\u00f3n brasile\u00f1a Odebrecht y podr\u00eda haber m\u00e1s, dijo ayer un fiscal brasile\u00f1o.<\/p>\n<p>Odebrecht es una de las empresas involucradas en un esc\u00e1ndalo de sobornos en torno a la empresa petrolera estatal Petrobras.<br \/>\nM\u00e9xico, Argentina, Venezuela, Colombia, Per\u00fa, Ecuador y Rep\u00fablica Dominicana han realizado 19 solicitudes relacionadas con el caso, dijo el jueves Vladimir Aras, director de cooperaci\u00f3n internacional de la fiscal\u00eda general.<\/p>\n<p>Hasta ahora Per\u00fa es el que m\u00e1s solicitudes ha hecho, con nueve, dijo Aras.<\/p>\n<h6>Fuente: Los Andes<\/h6>\n","protected":false},"excerpt":{"rendered":"<p>Los mayores sindicatos del pa\u00eds parar\u00e1n hoy y se movilizar\u00e1n contra las medidas de austeridad impulsadas por el gobierno. Desempleo r\u00e9cord.<\/p>\n","protected":false},"author":2,"featured_media":62271,"comment_status":"closed","ping_status":"closed","sticky":false,"template":"","format":"standard","meta":{"footnotes":""},"categories":[22],"tags":[57],"class_list":["post-62270","post","type-post","status-publish","format-standard","has-post-thumbnail","hentry","category-el-mundo","tag-el-mundo"],"_links":{"self":[{"href":"http:\/\/argentinamunicipal.com.ar\/argentina\/wp-json\/wp\/v2\/posts\/62270","targetHints":{"allow":["GET"]}}],"collection":[{"href":"http:\/\/argentinamunicipal.com.ar\/argentina\/wp-json\/wp\/v2\/posts"}],"about":[{"href":"http:\/\/argentinamunicipal.com.ar\/argentina\/wp-json\/wp\/v2\/types\/post"}],"author":[{"embeddable":true,"href":"http:\/\/argentinamunicipal.com.ar\/argentina\/wp-json\/wp\/v2\/users\/2"}],"replies":[{"embeddable":true,"href":"http:\/\/argentinamunicipal.com.ar\/argentina\/wp-json\/wp\/v2\/comments?post=62270"}],"version-history":[{"count":0,"href":"http:\/\/argentinamunicipal.com.ar\/argentina\/wp-json\/wp\/v2\/posts\/62270\/revisions"}],"wp:featuredmedia":[{"embeddable":true,"href":"http:\/\/argentinamunicipal.com.ar\/argentina\/wp-json\/wp\/v2\/media\/62271"}],"wp:attachment":[{"href":"http:\/\/argentinamunicipal.com.ar\/argentina\/wp-json\/wp\/v2\/media?parent=62270"}],"wp:term":[{"taxonomy":"category","embeddable":true,"href":"http:\/\/argentinamunicipal.com.ar\/argentina\/wp-json\/wp\/v2\/categories?post=62270"},{"taxonomy":"post_tag","embeddable":true,"href":"http:\/\/argentinamunicipal.com.ar\/argentina\/wp-json\/wp\/v2\/tags?post=62270"}],"curies":[{"name":"wp","href":"https:\/\/api.w.org\/{rel}","templated":true}]}}