{"id":62351,"date":"2017-05-02T08:29:08","date_gmt":"2017-05-02T11:29:08","guid":{"rendered":"http:\/\/argentinamunicipal.com.ar\/argentina\/?p=62351"},"modified":"2017-05-02T08:29:08","modified_gmt":"2017-05-02T11:29:08","slug":"mas-80-bares-restaurantes-la-semana-gastronomica-2017-rosario","status":"publish","type":"post","link":"http:\/\/argentinamunicipal.com.ar\/argentina\/mas-80-bares-restaurantes-la-semana-gastronomica-2017-rosario\/","title":{"rendered":"M\u00e1s de 80 bares y restaurantes en la Semana Gastron\u00f3mica 2017, Rosario"},"content":{"rendered":"<p>La s\u00e9ptima edici\u00f3n ser\u00e1 del 14 al 21 de mayo pr\u00f3ximo. Habr\u00e1 actividades y men\u00fas especiales<\/p>\n<p>La s\u00e9ptima edici\u00f3n de la Semana Gastron\u00f3mica Rosario, que cuenta con el acompa\u00f1amiento de #IMPULSO como Media Partner, tendr\u00e1 la participaci\u00f3n de m\u00e1s de 80 bares y restaurantes de la ciudad con men\u00fas especiales para la ocasi\u00f3n.<\/p>\n<p>Ser\u00e1 entre el 14 y el 21 de mayo y adem\u00e1s de las propuestas gastron\u00f3micas especiales habr\u00e1 una serie de actividades que servir\u00e1n para consolidar al evento como el m\u00e1s importante de la regi\u00f3n y tambi\u00e9n como un incentivo de atracci\u00f3n tur\u00edstica.<\/p>\n<p>LOS MEN\u00daS DE TRES PASOS TENDR\u00c1N VALORES PROMOCIONALES DE ENTRE 199 Y 289 PESOS.<\/p>\n<p>Entre las actividades, que se llevar\u00e1n a cabo en diferentes sedes, sobresalen clases magistrales de cocina que este a\u00f1o incluir\u00e1n preparaciones en vivo de alimentos aptos para cel\u00edacos, presentaciones de libros y catas de t\u00e9, vino y aceites de oliva.<\/p>\n<p>Tambi\u00e9n se suma una recorrida por el mercado de Productores y un wine tour que llevar\u00e1 a los visitantes a recorrer distintas vinotecas en las cuales podr\u00e1n acceder a beneficios exclusivos.<\/p>\n<p>La edici\u00f3n 2016 del evento reuni\u00f3 a 64 espacios gastron\u00f3micos y acapar\u00f3 unos 20 mil comensales m\u00e1s otras 12 mil personas que participaron de las m\u00e1s de 60 charlas y actividades especiales.<\/p>\n<h6>Fuente: Sin Mordaza<\/h6>\n","protected":false},"excerpt":{"rendered":"<p>La s\u00e9ptima edici\u00f3n ser\u00e1 del 14 al 21 de mayo pr\u00f3ximo. Habr\u00e1 actividades y men\u00fas especiales<\/p>\n","protected":false},"author":2,"featured_media":62352,"comment_status":"closed","ping_status":"closed","sticky":false,"template":"","format":"standard","meta":{"footnotes":""},"categories":[47],"tags":[10],"class_list":["post-62351","post","type-post","status-publish","format-standard","has-post-thumbnail","hentry","category-fiestas","tag-santa-fe"],"_links":{"self":[{"href":"http:\/\/argentinamunicipal.com.ar\/argentina\/wp-json\/wp\/v2\/posts\/62351","targetHints":{"allow":["GET"]}}],"collection":[{"href":"http:\/\/argentinamunicipal.com.ar\/argentina\/wp-json\/wp\/v2\/posts"}],"about":[{"href":"http:\/\/argentinamunicipal.com.ar\/argentina\/wp-json\/wp\/v2\/types\/post"}],"author":[{"embeddable":true,"href":"http:\/\/argentinamunicipal.com.ar\/argentina\/wp-json\/wp\/v2\/users\/2"}],"replies":[{"embeddable":true,"href":"http:\/\/argentinamunicipal.com.ar\/argentina\/wp-json\/wp\/v2\/comments?post=62351"}],"version-history":[{"count":0,"href":"http:\/\/argentinamunicipal.com.ar\/argentina\/wp-json\/wp\/v2\/posts\/62351\/revisions"}],"wp:featuredmedia":[{"embeddable":true,"href":"http:\/\/argentinamunicipal.com.ar\/argentina\/wp-json\/wp\/v2\/media\/62352"}],"wp:attachment":[{"href":"http:\/\/argentinamunicipal.com.ar\/argentina\/wp-json\/wp\/v2\/media?parent=62351"}],"wp:term":[{"taxonomy":"category","embeddable":true,"href":"http:\/\/argentinamunicipal.com.ar\/argentina\/wp-json\/wp\/v2\/categories?post=62351"},{"taxonomy":"post_tag","embeddable":true,"href":"http:\/\/argentinamunicipal.com.ar\/argentina\/wp-json\/wp\/v2\/tags?post=62351"}],"curies":[{"name":"wp","href":"https:\/\/api.w.org\/{rel}","templated":true}]}}