{"id":62578,"date":"2017-05-09T06:36:08","date_gmt":"2017-05-09T09:36:08","guid":{"rendered":"http:\/\/argentinamunicipal.com.ar\/argentina\/?p=62578"},"modified":"2017-05-09T06:36:08","modified_gmt":"2017-05-09T09:36:08","slug":"ii-congreso-juventudes-municipales-la-ciudad-rosario-12-mayo","status":"publish","type":"post","link":"http:\/\/argentinamunicipal.com.ar\/argentina\/ii-congreso-juventudes-municipales-la-ciudad-rosario-12-mayo\/","title":{"rendered":"II Congreso de Juventudes Municipales en la Ciudad de Rosario, 12 de mayo"},"content":{"rendered":"<p>\u201cFORTALECIENDO REDES, J\u00d3VENES SINDICALES UNIDOS Y EMPODERADOS\u201d<\/p>\n<p>El viernes 12 de mayo se realizar\u00e1 el \u201cII Congreso Provincial de J\u00f3venes Municipales\u201d con cita, esta vez, en el Sindicato de Trabajadores Municipales de Rosario ubicado en Entre R\u00edos 1242. Se trata de una jornada de capacitaci\u00f3n con talleres tem\u00e1ticos donde se abordar\u00e1n temas imprescindibles para la formaci\u00f3n de nuevos cuadros gremiales.<\/p>\n<p>La apertura estar\u00e1 a cargo de Claudio Leoni (Secretario Gral. de FESTRAM) y Antonio Ratner (Secretario Adjunto).<\/p>\n<p>Con la consigna \u201cFortaleciendo redes, j\u00f3venes sindicales unidos y empoderados\u201d se pondr\u00e1n en marcha diferentes paneles de capacitaci\u00f3n y debate, a saber:<\/p>\n<p>\u201cEl rol de los j\u00f3venes en la militancia gremial y pol\u00edtica\u201d por el Lic. en Cs. Pol\u00edticas y Relaciones Internacionales, Oscar Martino y referentes de las Juventudes Unidas Rosarinas;<br \/>\n\u201cLa igualdad de g\u00e9nero en el sindicalismo\u201d que dictar\u00e1 Mar\u00eda Jos\u00e9 Barrios (Sec. Gral. SI.TRA.M de Rufino) junto a Yamile Baclini (Sec. de Desarrollo Humano, Educaci\u00f3n y Capacitaci\u00f3n, Responsable del Programa por el trato digno y de la Red de Sindical de Mujeres Municipales de Rosario) y Elba Simionato (Coordinadora de la Red de Mujeres de Festram).<br \/>\nMientras que el panel \u201cHigiene y seguridad laboral\u201d ser\u00e1 coordinado por el Ing. Industrial Juan Manuel Ramb, el Ing. en Seguridad e Higiene Horacio Iba\u00f1ez y los t\u00e9cnicos en Seguridad e Higiene Jorge Almada y Emiliano Mart\u00ednez.<br \/>\nEn tanto, la ponencia sobre \u201cC\u00f3mo Funciona la Paritaria Municipal Ley 9996\u201d ser\u00e1 dictada por Mauricio Herzog (Sec. Gral. de ASTEOM, Santo Tome) y Fernando Giampietro (Sec. Ac. y Prev. Soc. FESTRAM).<br \/>\nFinalmente, \u201cLeyes que Regulan las Relaciones Laborales en el \u00c1mbito de los Municipios y Comunas\u201d estar\u00e1 a cargo de Horacio Chiappero (Sec. General ATEMyC, San Jorge).<br \/>\nAdem\u00e1s el itinerario contempla un trabajo en comisiones sobre diferentes tem\u00e1ticas donde los j\u00f3venes tendr\u00e1n un espacio de debate y reflexi\u00f3n, siendo uno de los objetivos del encuentro el trabajo comunitario en red donde el compartir experiencias e ideas es imperioso para el mejoramiento de cada sindicato y\/o comuna de la Provincia.<\/p>\n<p>Cabe destacar que el encuentro cerrar\u00e1 con una pe\u00f1a en conmemoraci\u00f3n de los 5 a\u00f1os de la creaci\u00f3n de la Juventud del Sindicato de Municipales de Rosario y que las inscripciones pueden realizarse hasta el lunes 8 de mayo inclusive mediante el facebook \/JovenesSTMR o por tel\u00e9fono 0342- 154763761 (Santa Fe), 0341 \u2013 156128514 (Rosario).<\/p>\n<p>\u201cLA EXPERIENCIA DEL PRIMER CONGRESO\u201d<br \/>\nEn octubre del a\u00f1o pasado tuvo lugar el Primer Congreso de J\u00f3venes Municipales con sede en la ciudad de Santa Fe, en FESTRAM (Av. Freyre 1635). Del mismo, participaron m\u00e1s de 70 j\u00f3venes de diversas localidades de la provincia, como Rosario, Santa Fe, Rafaela, Santo Tom\u00e9, Granadero Baigorria, Mar\u00eda Juana, Villa Gobernador G\u00e1lvez, Coronda, Nuevo Torino, San Guillermo, Suardi y Ceres.<\/p>\n<p>La jornada comenz\u00f3 con un recorrido por las instalaciones de la sede, un taller sobre toda la legislaci\u00f3n que regula las relaciones laborales en los municipios y comunas. Adem\u00e1s, se desarroll\u00f3 el tema Seguridad e Higiene en los Municipios y la reglamentaci\u00f3n vigente, entre otras cuestiones.<\/p>\n<p>Se dio cierre al encuentro con la presencia de Leoni y se afirm\u00f3 el compromiso de continuar con avances en las tem\u00e1ticas planteadas y con m\u00e1s propuestas de formaci\u00f3n para nuestros j\u00f3venes.<\/p>\n<h6>Fuente: Festram<\/h6>\n","protected":false},"excerpt":{"rendered":"<p>\u201cFORTALECIENDO REDES, J\u00d3VENES SINDICALES UNIDOS Y EMPODERADOS\u201d<\/p>\n","protected":false},"author":2,"featured_media":62579,"comment_status":"closed","ping_status":"closed","sticky":false,"template":"","format":"standard","meta":{"footnotes":""},"categories":[47],"tags":[10],"class_list":["post-62578","post","type-post","status-publish","format-standard","has-post-thumbnail","hentry","category-fiestas","tag-santa-fe"],"_links":{"self":[{"href":"http:\/\/argentinamunicipal.com.ar\/argentina\/wp-json\/wp\/v2\/posts\/62578","targetHints":{"allow":["GET"]}}],"collection":[{"href":"http:\/\/argentinamunicipal.com.ar\/argentina\/wp-json\/wp\/v2\/posts"}],"about":[{"href":"http:\/\/argentinamunicipal.com.ar\/argentina\/wp-json\/wp\/v2\/types\/post"}],"author":[{"embeddable":true,"href":"http:\/\/argentinamunicipal.com.ar\/argentina\/wp-json\/wp\/v2\/users\/2"}],"replies":[{"embeddable":true,"href":"http:\/\/argentinamunicipal.com.ar\/argentina\/wp-json\/wp\/v2\/comments?post=62578"}],"version-history":[{"count":0,"href":"http:\/\/argentinamunicipal.com.ar\/argentina\/wp-json\/wp\/v2\/posts\/62578\/revisions"}],"wp:featuredmedia":[{"embeddable":true,"href":"http:\/\/argentinamunicipal.com.ar\/argentina\/wp-json\/wp\/v2\/media\/62579"}],"wp:attachment":[{"href":"http:\/\/argentinamunicipal.com.ar\/argentina\/wp-json\/wp\/v2\/media?parent=62578"}],"wp:term":[{"taxonomy":"category","embeddable":true,"href":"http:\/\/argentinamunicipal.com.ar\/argentina\/wp-json\/wp\/v2\/categories?post=62578"},{"taxonomy":"post_tag","embeddable":true,"href":"http:\/\/argentinamunicipal.com.ar\/argentina\/wp-json\/wp\/v2\/tags?post=62578"}],"curies":[{"name":"wp","href":"https:\/\/api.w.org\/{rel}","templated":true}]}}