{"id":6286,"date":"2014-04-23T09:00:28","date_gmt":"2014-04-23T12:00:28","guid":{"rendered":"http:\/\/argentinamunicipal.com.ar\/argentina\/?p=6286"},"modified":"2014-04-23T09:00:28","modified_gmt":"2014-04-23T12:00:28","slug":"viedma-una-ciudad-emprendedora-y-duena-de-su-destino","status":"publish","type":"post","link":"http:\/\/argentinamunicipal.com.ar\/argentina\/viedma-una-ciudad-emprendedora-y-duena-de-su-destino\/","title":{"rendered":"Viedma: \u201cUna ciudad emprendedora y due\u00f1a de su destino\u201d"},"content":{"rendered":"<p><a href=\"http:\/\/argentinamunicipal.com.ar\/argentina\/wp-content\/uploads\/2014\/04\/c82-viedma-1.jpg\"><img loading=\"lazy\" decoding=\"async\" class=\"aligncenter size-full wp-image-6287\" src=\"http:\/\/argentinamunicipal.com.ar\/argentina\/wp-content\/uploads\/2014\/04\/c82-viedma-1.jpg\" alt=\"c82-viedma-1\" width=\"586\" height=\"386\" srcset=\"http:\/\/argentinamunicipal.com.ar\/argentina\/wp-content\/uploads\/2014\/04\/c82-viedma-1.jpg 586w, http:\/\/argentinamunicipal.com.ar\/argentina\/wp-content\/uploads\/2014\/04\/c82-viedma-1-300x197.jpg 300w\" sizes=\"auto, (max-width: 586px) 100vw, 586px\" \/><\/a><\/p>\n<p>El intendente Jos\u00e9 Luis Foulkes asegur\u00f3 que se avanza hacia un nuevo paradigma, que requiere mayor coordinaci\u00f3n e integraci\u00f3n para potenciar la convivencia ciudadana.<\/p>\n<p>\u201cViedma es una ciudad que, por su historia y patrimonio y por su privilegiada posici\u00f3n geogr\u00e1fica, puede fortalecerse para afrontar el presente y reinventar su futuro cuantas veces sea necesario. Es emprendedora y puede ser due\u00f1a de su destino\u201d, afirm\u00f3 Jos\u00e9 Luis Foulkes, intendente de la capital rionegrina.<\/p>\n<p>En este sentido, destac\u00f3 la importancia de profundizar el di\u00e1logo, la negociaci\u00f3n, la austeridad y la transparencia en el uso de los recursos p\u00fablicos.<\/p>\n<p>\u201cAvanzamos en la interacci\u00f3n con las universidades y de estas con las juntas vecinales; de los representantes vecinales con los responsables de los centros de salud \u2013dependientes del Gobierno provincial-; de los acuerdos con los colegios profesionales para asesoramiento de los vecinos; y de la articulaci\u00f3n entre quienes necesitan terrenos con los inversores, la Anses y el Procrear\u201d, dijo.<\/p>\n<p>Tambi\u00e9n destac\u00f3 la obra p\u00fablica, el desarrollo econ\u00f3mico, la generaci\u00f3n de empleo, el fomento cultural y deportivo y la capacitaci\u00f3n en oficios.<\/p>\n<p>\u201cTodo el accionar comunal no debe desprenderse de esta mirada; trabajo y vivienda son los principales reclamos que escuchamos todos los intendentes y, a\u00fan cuando los \u00edndices de desocupaci\u00f3n mejoren, existe sobre todo un n\u00facleo duro de j\u00f3venes que no pueden acceder a su primer empleo\u201d, expres\u00f3.<\/p>\n<p>El jefe comunal manifest\u00f3 que la educaci\u00f3n vial, el control del tr\u00e1nsito y el cuidado del espacio p\u00fablico requieren de la participaci\u00f3n de instituciones, entidades intermedias, como las escuelas, la Polic\u00eda y de todos los organismos estatales.<\/p>\n<p>\u201cEs necesario reflotar el pacto social, un acuerdo t\u00e1cito entre el Estado y la sociedad civil para asumir las responsabilidades mutuas en relaci\u00f3n a las normas de convivencia y el cuidado de lo p\u00fablico\u201d, asegur\u00f3.<\/p>\n<p>Por ello destac\u00f3 la puesta en marcha del programa Todos Somos Peatones, una necesidad para la comunidad dado el crecimiento exponencial del parque automotor y las caracter\u00edsticas de las calles del microcentro \u2013son angostas.<\/p>\n<p>\u201cLas oficinas p\u00fablicas siguen concentradas en un radio muy reducido y buscamos que el peat\u00f3n, que es el m\u00e1s d\u00e9bil en esta cadena, tenga prioridad\u201d concluy\u00f3.<\/p>\n<p>Asimismo habl\u00f3 del capital tur\u00edstico como presente y futuro de Viedma, y mencion\u00f3 que durante todo el a\u00f1o pasado se mantuvieron encuentros permanentes con todas las asociaciones y prestadores locales.<\/p>\n<p>\u201cAcordamos una agenda com\u00fan para el accionar municipal, el privado y las solicitudes conjuntas a Naci\u00f3n y Provincia\u201d, dijo.<\/p>\n<p>\u201cEste verano tuvimos un 7% m\u00e1s de turistas. En Semana Santa, un 56% m\u00e1s, y en vacaciones de invierno, un % de incremento. De los \u00faltimos once a\u00f1os, en diez creci\u00f3 el turismo en forma interanual\u201d, explic\u00f3.<\/p>\n<p>Para Foulkes quienes llegaron a Viedma se encontraron con algunos servicios municipales novedosos y gratuitos. Es la primera vez que en un municipio costero patag\u00f3nico promueve un servicio gratuito y masivo.<\/p>\n<h6>Fuente: La Nueva Provincia<\/h6>\n","protected":false},"excerpt":{"rendered":"<p>El intendente Jos\u00e9 Luis Foulkes asegur\u00f3 que se avanza hacia un nuevo paradigma, que requiere mayor coordinaci\u00f3n e integraci\u00f3n para potenciar la convivencia ciudadana. \u201cViedma es una ciudad que, por su historia y patrimonio y por su privilegiada posici\u00f3n geogr\u00e1fica, puede fortalecerse para afrontar el presente y reinventar su futuro cuantas veces sea necesario. Es<\/p>\n","protected":false},"author":1,"featured_media":6287,"comment_status":"closed","ping_status":"closed","sticky":false,"template":"","format":"standard","meta":{"footnotes":""},"categories":[2],"tags":[11],"class_list":["post-6286","post","type-post","status-publish","format-standard","has-post-thumbnail","hentry","category-informe-municipal","tag-rio-negro"],"_links":{"self":[{"href":"http:\/\/argentinamunicipal.com.ar\/argentina\/wp-json\/wp\/v2\/posts\/6286","targetHints":{"allow":["GET"]}}],"collection":[{"href":"http:\/\/argentinamunicipal.com.ar\/argentina\/wp-json\/wp\/v2\/posts"}],"about":[{"href":"http:\/\/argentinamunicipal.com.ar\/argentina\/wp-json\/wp\/v2\/types\/post"}],"author":[{"embeddable":true,"href":"http:\/\/argentinamunicipal.com.ar\/argentina\/wp-json\/wp\/v2\/users\/1"}],"replies":[{"embeddable":true,"href":"http:\/\/argentinamunicipal.com.ar\/argentina\/wp-json\/wp\/v2\/comments?post=6286"}],"version-history":[{"count":0,"href":"http:\/\/argentinamunicipal.com.ar\/argentina\/wp-json\/wp\/v2\/posts\/6286\/revisions"}],"wp:featuredmedia":[{"embeddable":true,"href":"http:\/\/argentinamunicipal.com.ar\/argentina\/wp-json\/wp\/v2\/media\/6287"}],"wp:attachment":[{"href":"http:\/\/argentinamunicipal.com.ar\/argentina\/wp-json\/wp\/v2\/media?parent=6286"}],"wp:term":[{"taxonomy":"category","embeddable":true,"href":"http:\/\/argentinamunicipal.com.ar\/argentina\/wp-json\/wp\/v2\/categories?post=6286"},{"taxonomy":"post_tag","embeddable":true,"href":"http:\/\/argentinamunicipal.com.ar\/argentina\/wp-json\/wp\/v2\/tags?post=6286"}],"curies":[{"name":"wp","href":"https:\/\/api.w.org\/{rel}","templated":true}]}}