{"id":62869,"date":"2017-05-15T08:21:53","date_gmt":"2017-05-15T11:21:53","guid":{"rendered":"http:\/\/argentinamunicipal.com.ar\/argentina\/?p=62869"},"modified":"2017-05-15T08:21:53","modified_gmt":"2017-05-15T11:21:53","slug":"santa-fe-arte-ciudad-2017-festival-otono","status":"publish","type":"post","link":"http:\/\/argentinamunicipal.com.ar\/argentina\/santa-fe-arte-ciudad-2017-festival-otono\/","title":{"rendered":"Santa Fe:\u00a0Arte Ciudad 2017 Festival de Oto\u00f1o"},"content":{"rendered":"<p>Miles de personas recorrieron los stands del tradicional encuentro que comenz\u00f3 el jueves pasado, en la Plaza Pueyrred\u00f3n, en el marco de Arte Ciudad 2017 Festival de Oto\u00f1o.<\/p>\n<p>Artesanos de Jujuy, Salta, Buenos Aires, Neuqu\u00e9n, C\u00f3rdoba y Santa Fe, e invitados especiales de Uruguay, participan del 50\u00b0 Encuentro Nacional de Artesanos, que comenz\u00f3 el jueves pasado en la Plaza Pueyrred\u00f3n, dentro de las propuestas de la quinta edici\u00f3n de Arte Ciudad, el Festival de Oto\u00f1o organizado por el Gobierno de la Ciudad. En paralelo se desarroll\u00f3 una edici\u00f3n especial de la Feria Dise\u00f1a Santa Fe, conformando un paseo de artesan\u00eda y dise\u00f1o, entre el Mercado Progreso y la plaza.<\/p>\n<p>El domingo por la tarde, el secretario General del Gobierno de la Ciudad, Carlos Pereira, y la secretaria de Cultura, Patricia Pieragostini entregaron los tradicionales premios al Mejor Pa\u00f1o, Mejor Pieza y distinguieron la trayectoria de un grupo de artesanos. Junto a ellos estuvo Adriana Urquiza, en representaci\u00f3n de la Asociaci\u00f3n de Artesanos del Sol y la Luna, que organiza el Encuentro, con el apoyo del Municipio. La artesana Pola Nelli, recibi\u00f3 el primero de esos reconocimientos, por el emprendimiento \u00abPosibles Objetos\u00bb; la Mejor Pieza, fue la de Sergio R\u00edos, una escultura de hierro adquirida por el Municipio para incorporarla al patrimonio del Mercado Progreso. Asimismo, se reconoci\u00f3 la trayectoria de Juan Astorga, Graciela Meyer y Miguel Cangiano.<\/p>\n<p>Apoyo a las industrias creativas<\/p>\n<p>En relaci\u00f3n a estas distinciones, Carlos Pereira destac\u00f3 que son \u00abuna forma de incentivar a los artesanos porque su trabajo es una forma de producci\u00f3n que permite a muchos ganarse honesta y decentemente la vida, y es tambi\u00e9n una forma de arte que se ha recuperado y valorado. Nuestra mirada desde es apoyar a los artistas que participan aqu\u00ed y distinguirlos de esta manera\u00bb. Asimismo, destac\u00f3 que \u00abla Feria de Artesanos que se realiza todas las semanas en la Plaza Pueyrred\u00f3n identifica a la ciudad. Hace much\u00edsimos a\u00f1os que se re\u00fanen aqu\u00ed y siempre han contado con el apoyo del Gobierno de la Ciudad. En esta ocasi\u00f3n se realiza nada menos que el 50\u00b0 Encuentro Nacional, que coincide con este gran evento de la cultura de Santa Fe, que es la quinta edici\u00f3n de Arte Ciudad\u00bb.<\/p>\n<p>Finalmente, destac\u00f3 el acompa\u00f1amiento del p\u00fablico para ese encuentro vinculado a la cultura y a los atractivos tur\u00edsticos de la capital provincial, en el recuperado Paseo Boulevard, \u00abno solo para los santafesinos sino tambi\u00e9n para quienes nos visitan cada fin de semana\u00bb.<\/p>\n<p>Artistas en la Plaza<\/p>\n<p>Durante la tarde, los vecinos pudieron disfrutar adem\u00e1s, con entrada libre y gratuita, del concierto que brind\u00f3 la Banda Sinf\u00f3nica Municipal, dirigida por el Mtro. Juan Rodr\u00edguez junto a Itat\u00ed Barrionuevo como invitada. Tambi\u00e9n de \u00abQuiasma\u00bb, una creaci\u00f3n colectiva interpretada por Patricia \u00c1lvarez, Carolina Gabazza, Sara Krum, Aim\u00e9 Luna, Fabiana Sinchi, Mar\u00eda Laura Varela y Fernanda Y\u00e1bale; acompa\u00f1adas por m\u00fasica en vivo de Emilia Cersofio en bajo y percusi\u00f3n, Ivana Papini en clarinete, Valeria Fern\u00e1ndez en voz y Agustina Cortes en saxo.<\/p>\n<p>La Fanfarria Ambulante fue parte de las propuestas culturales del domingo, con su show de m\u00fasica y humor, que recorri\u00f3 la Plaza y divirti\u00f3 a chicos y grandes. Nicol\u00e1s Chevalie y Sr. Gonz\u00e1lez, realizaron espect\u00e1culos de magia, humor y ventriloquismo; y en el Mercado Progreso se present\u00f3 el saxofonista Mauro Salazar.<\/p>\n<p>Arte Ciudad hasta el domingo<\/p>\n<p>En este marco, la secretaria de Cultura, realiz\u00f3 un balance del inicio de Arte Ciudad, que comenz\u00f3 el viernes en el Molino Marconetti, con una variet\u00e9 circense, el show de Fanfarria Ambulante, y conciertos de Los Cuervos y Carneviva. \u00abVivimos un fin de semana hermoso y muy intenso\u00bb, sostuvo. Para detallar las intervenciones \u00abPeatonal Encantada\u00bb, que se inici\u00f3 con la participaci\u00f3n del Coro Meridies; y la fanfarria de Circo Da Vinci, que sorprendieron a los santafesinos en Peatonal San Mart\u00edn, en la tarde del s\u00e1bado. Adem\u00e1s, se concret\u00f3 la Copa Argentina de Skateboarding, en Candioti Park; y hubo espect\u00e1culos de teatro, circo y m\u00fasica, en el Encuentro de Artesanos.<\/p>\n<p>\u00abRedoblamos esfuerzos ahora para continuar esta semana y tener un gran cierre el pr\u00f3ximo domingo\u00bb, agreg\u00f3 luego, en referencia a las propuestas que se desarrollar\u00e1n a partir de este lunes. En esa l\u00ednea, mencion\u00f3 que habr\u00e1 talleres y seminarios en el marco de los Laboratorios de producci\u00f3n art\u00edstica en el Centro Experimental del Color, el Teatro y la Biblioteca Municipal, entre otros espacios. Se llevar\u00e1n a cabo las intervenciones art\u00edsticas \u00abMurales Comunitarios\u00bb junto a instituciones educativas y Escuelas de Trabajo; \u00abParedes animadas\u00bb y \u00abV\u00eda de Murales\u00bb, a cargo de muralistas y grafiteros. Adem\u00e1s, mencion\u00f3 que el mi\u00e9rcoles comienzan Trotamundos, el Festival Federal de T\u00edteres; y el Primer Festival de Tango de Santa Fe, organizado por el Municipio junto a UNL y el Gobierno de la Ciudad, con la direcci\u00f3n art\u00edstica de Gabriel De Pedro, y el auspicio de ATE, Sanatorio Santa Fe y Loter\u00eda de Santa Fe.<\/p>\n<p>Pieragostini remarc\u00f3 tambi\u00e9n la presencia de Marcos L\u00f3pez en esta edici\u00f3n de Arte Ciudad, que realizar\u00e1 un workshop, performances en Peatonal San Mart\u00edn y el Parque Federal, y una intervenci\u00f3n en Alto Verde. \u00abInvitamos especialmente a todo el p\u00fablico a escuchar la charla abierta \u00abProfeta en su tierra\u00bb que dar\u00e1 Marcos L\u00f3pez, el mi\u00e9rcoles 17 de mayo a las 20, en la Sala Mayor del Teatro Municipal, con entrada libre y gratuita\u00bb, remarc\u00f3 la funcionaria.<\/p>\n<p>Por \u00faltimo, record\u00f3 que el circuito \u00abOto\u00f1o en los Parques\u00bb contin\u00faa el viernes 19 de mayo, desde las 15, con espect\u00e1culos y actividades para toda la familia, en la nueva Plaza Alberdi; el s\u00e1bado 20, en el Parque Federal; y finaliza el domingo 21, con una nueva edici\u00f3n del \u00a0Festival del Norte, en el Jard\u00edn Bot\u00e1nico. \u00abInvitamos a todos los vecinos a acompa\u00f1arnos en esta propuesta que invita a pensar la ciudad y re-imaginarla, a partir del arte y la cultura\u00bb, concluy\u00f3.<\/p>\n<p>Arte Ciudad, d\u00eda a d\u00eda<\/p>\n<p>Las actividades se pueden consultar en la aplicaci\u00f3n Arte Ciudad 2017, disponible en forma gratuita en Play Store para usuarios de Android. Vale recordar que tambi\u00e9n se puede consultar la Agenda Santa Fe Ciudad, disponible en www.santafeciudad.gov.ar\/agenda.<\/p>\n<h6>Fuente: Sin Mordaza<\/h6>\n","protected":false},"excerpt":{"rendered":"<p>Miles de personas recorrieron los stands del tradicional encuentro que comenz\u00f3 el jueves pasado, en la Plaza Pueyrred\u00f3n, en el marco de Arte Ciudad 2017 Festival de Oto\u00f1o. <\/p>\n","protected":false},"author":2,"featured_media":62870,"comment_status":"closed","ping_status":"closed","sticky":false,"template":"","format":"standard","meta":{"footnotes":""},"categories":[47],"tags":[10],"class_list":["post-62869","post","type-post","status-publish","format-standard","has-post-thumbnail","hentry","category-fiestas","tag-santa-fe"],"_links":{"self":[{"href":"http:\/\/argentinamunicipal.com.ar\/argentina\/wp-json\/wp\/v2\/posts\/62869","targetHints":{"allow":["GET"]}}],"collection":[{"href":"http:\/\/argentinamunicipal.com.ar\/argentina\/wp-json\/wp\/v2\/posts"}],"about":[{"href":"http:\/\/argentinamunicipal.com.ar\/argentina\/wp-json\/wp\/v2\/types\/post"}],"author":[{"embeddable":true,"href":"http:\/\/argentinamunicipal.com.ar\/argentina\/wp-json\/wp\/v2\/users\/2"}],"replies":[{"embeddable":true,"href":"http:\/\/argentinamunicipal.com.ar\/argentina\/wp-json\/wp\/v2\/comments?post=62869"}],"version-history":[{"count":0,"href":"http:\/\/argentinamunicipal.com.ar\/argentina\/wp-json\/wp\/v2\/posts\/62869\/revisions"}],"wp:featuredmedia":[{"embeddable":true,"href":"http:\/\/argentinamunicipal.com.ar\/argentina\/wp-json\/wp\/v2\/media\/62870"}],"wp:attachment":[{"href":"http:\/\/argentinamunicipal.com.ar\/argentina\/wp-json\/wp\/v2\/media?parent=62869"}],"wp:term":[{"taxonomy":"category","embeddable":true,"href":"http:\/\/argentinamunicipal.com.ar\/argentina\/wp-json\/wp\/v2\/categories?post=62869"},{"taxonomy":"post_tag","embeddable":true,"href":"http:\/\/argentinamunicipal.com.ar\/argentina\/wp-json\/wp\/v2\/tags?post=62869"}],"curies":[{"name":"wp","href":"https:\/\/api.w.org\/{rel}","templated":true}]}}