{"id":6313,"date":"2014-04-23T09:46:29","date_gmt":"2014-04-23T12:46:29","guid":{"rendered":"http:\/\/argentinamunicipal.com.ar\/argentina\/?p=6313"},"modified":"2014-04-23T09:46:29","modified_gmt":"2014-04-23T12:46:29","slug":"ushuaia-hubo-reuniones-con-municipales-y-propuestas-para-analizar","status":"publish","type":"post","link":"http:\/\/argentinamunicipal.com.ar\/argentina\/ushuaia-hubo-reuniones-con-municipales-y-propuestas-para-analizar\/","title":{"rendered":"Ushuaia: Hubo reuniones con municipales y propuestas para analizar"},"content":{"rendered":"<p><a href=\"http:\/\/argentinamunicipal.com.ar\/argentina\/wp-content\/uploads\/2014\/04\/Municipalidad.jpg\"><img loading=\"lazy\" decoding=\"async\" class=\"alignleft size-full wp-image-6314\" src=\"http:\/\/argentinamunicipal.com.ar\/argentina\/wp-content\/uploads\/2014\/04\/Municipalidad.jpg\" alt=\"Municipalidad\" width=\"400\" height=\"390\" srcset=\"http:\/\/argentinamunicipal.com.ar\/argentina\/wp-content\/uploads\/2014\/04\/Municipalidad.jpg 400w, http:\/\/argentinamunicipal.com.ar\/argentina\/wp-content\/uploads\/2014\/04\/Municipalidad-300x292.jpg 300w, http:\/\/argentinamunicipal.com.ar\/argentina\/wp-content\/uploads\/2014\/04\/Municipalidad-50x50.jpg 50w\" sizes=\"auto, (max-width: 400px) 100vw, 400px\" \/><\/a>Ayer hubo reuniones entre el Ejecutivo y los gremios municipales para tratar de acordar un nuevo ofrecimiento salarial para los trabajadores. La pauta anual ser\u00eda de un 30 por ciento. Se debe acordar c\u00f3mo se arriba al 18 por cinto restante en el transcurso del a\u00f1o. Ser\u00edan varias las opciones que analizar\u00e1n los gremios con los trabajadores.<\/p>\n<p>Se agrav\u00f3 la situaci\u00f3n en el \u00e1mbito municipal ante el inicio de medidas del sector de Servicios P\u00fablicos, por parte de los gremios del SOEM, ASEOM y Jer\u00e1rquicos, por la falta de respuestas del Ejecutivo municipal sobre el pedido de reivindicaci\u00f3n salarial efectuado.<\/p>\n<p>En tanto, desde ATE tambi\u00e9n se anunci\u00f3 ayer un paro de actividades para la jornada de este mi\u00e9rcoles, en el edificio Adolfo Cano, medida que hab\u00eda quedado supeditada a los resultados de un encuentro con autoridades municipales.<\/p>\n<p>Luego de comenzar las medidas en Servicios P\u00fablicos y que la asamblea de ATE en el edificio de Arturo Coronado anunciara un paro, hubo una serie de reuniones en horas de la tarde. En principio el secretario de Gobierno, Oscar Rubinos mantuvo un encuentro con los referentes gremiales de la ASEOM, SOEM y Jer\u00e1rquicos.<\/p>\n<p>Posteriormente, el gremio de ATE tambi\u00e9n fue recibido por el Ejecutivo municipal.<\/p>\n<p>Si bien las partes fueron muy cuantos a la hora de brindar detalles de las reuniones, extraoficialmente se pudo saber que el ofrecimiento podr\u00eda ser de un 30 por ciento anual, eso estar\u00eda potencialmente acordado.<\/p>\n<p>No obstante, restar\u00eda que se planteen las diversas opciones para llegar a ese porcentaje de aqu\u00ed a fin de a\u00f1o, cuesti\u00f3n que los gremios deber\u00e1n trasladar a las asambleas para saber si hay conformidad en los trabajadores municipales en cuanto a los tramos en que se llegar\u00eda al 30 final.<\/p>\n<p>En tal sentido, la m\u00e1xima referente del SOEM, Sandra Esper\u00f3n afirm\u00f3 que los trabajadores de distintas \u00e1reas hab\u00edan decidido esperar la propuesta del Intendente y no llevar a la gente \u201c a un reclamo de m\u00e1xima\u201d el cual no se podr\u00eda \u201csostener en el tiempo\u201d.<\/p>\n<p>En este marco, sostuvo que la medida en Servicios P\u00fablicos fue porque \u201clos compa\u00f1eros resolvieron hacer una serie de acciones y esperaban la convocatoria del Ejecutivo, por eso se cerraron los portones de acceso\u201d.<\/p>\n<p>Por su parte, desde ATE, el secretario General, Carlos C\u00f3rdoba, manifest\u00f3 que si bien \u201c la asamblea pidi\u00f3 el paro de actividades, nosotros lo informamos al Ministerio de Trabajo, pero hoy temprano ellos con nuestros delegados analizar\u00e1n la propuesta del Ejecutivo y resolver\u00e1n si se lleva adelante la medida de fuerza o se acepta el ofrecimiento\u201d.<\/p>\n<h6>Fuente: El Diario del Fin del Mundo<\/h6>\n","protected":false},"excerpt":{"rendered":"<p>Ayer hubo reuniones entre el Ejecutivo y los gremios municipales para tratar de acordar un nuevo ofrecimiento salarial para los trabajadores. La pauta anual ser\u00eda de un 30 por ciento. Se debe acordar c\u00f3mo se arriba al 18 por cinto restante en el transcurso del a\u00f1o. Ser\u00edan varias las opciones que analizar\u00e1n los gremios con<\/p>\n","protected":false},"author":2,"featured_media":6314,"comment_status":"closed","ping_status":"closed","sticky":false,"template":"","format":"standard","meta":{"footnotes":""},"categories":[7],"tags":[34],"class_list":["post-6313","post","type-post","status-publish","format-standard","has-post-thumbnail","hentry","category-informe-sindical","tag-tierra-del-fuego"],"_links":{"self":[{"href":"http:\/\/argentinamunicipal.com.ar\/argentina\/wp-json\/wp\/v2\/posts\/6313","targetHints":{"allow":["GET"]}}],"collection":[{"href":"http:\/\/argentinamunicipal.com.ar\/argentina\/wp-json\/wp\/v2\/posts"}],"about":[{"href":"http:\/\/argentinamunicipal.com.ar\/argentina\/wp-json\/wp\/v2\/types\/post"}],"author":[{"embeddable":true,"href":"http:\/\/argentinamunicipal.com.ar\/argentina\/wp-json\/wp\/v2\/users\/2"}],"replies":[{"embeddable":true,"href":"http:\/\/argentinamunicipal.com.ar\/argentina\/wp-json\/wp\/v2\/comments?post=6313"}],"version-history":[{"count":0,"href":"http:\/\/argentinamunicipal.com.ar\/argentina\/wp-json\/wp\/v2\/posts\/6313\/revisions"}],"wp:featuredmedia":[{"embeddable":true,"href":"http:\/\/argentinamunicipal.com.ar\/argentina\/wp-json\/wp\/v2\/media\/6314"}],"wp:attachment":[{"href":"http:\/\/argentinamunicipal.com.ar\/argentina\/wp-json\/wp\/v2\/media?parent=6313"}],"wp:term":[{"taxonomy":"category","embeddable":true,"href":"http:\/\/argentinamunicipal.com.ar\/argentina\/wp-json\/wp\/v2\/categories?post=6313"},{"taxonomy":"post_tag","embeddable":true,"href":"http:\/\/argentinamunicipal.com.ar\/argentina\/wp-json\/wp\/v2\/tags?post=6313"}],"curies":[{"name":"wp","href":"https:\/\/api.w.org\/{rel}","templated":true}]}}