{"id":63568,"date":"2017-06-01T06:55:22","date_gmt":"2017-06-01T09:55:22","guid":{"rendered":"http:\/\/argentinamunicipal.com.ar\/argentina\/?p=63568"},"modified":"2017-06-01T06:55:22","modified_gmt":"2017-06-01T09:55:22","slug":"gobierno-busca-estudiar-la-pobreza-energetica-los-hogares","status":"publish","type":"post","link":"http:\/\/argentinamunicipal.com.ar\/argentina\/gobierno-busca-estudiar-la-pobreza-energetica-los-hogares\/","title":{"rendered":"El Gobierno busca estudiar la \u00abpobreza energ\u00e9tica\u00bb en los hogares"},"content":{"rendered":"<p>El Ministerio de Energ\u00eda y Miner\u00eda tom\u00f3 el concepto utilizado por la Uni\u00f3n Europea. Buscan\u00a0 una \u201cnormalizaci\u00f3n tarifaria\u201d aplicable \u201cde un modo equitativo\u201d que sea \u201csostenible en el tiempo\u201d y que \u201cgarantice el acceso a la energ\u00eda\u201d.<\/p>\n<p>El Gobierno nacional busca incorporar el concepto de \u201cpobreza energ\u00e9tica\u201d que usan los pa\u00edses de la Uni\u00f3n Europea para evaluar el impacto social de las pol\u00edticas sectoriales.<\/p>\n<p>Desde el Ministerio de Energ\u00eda y Miner\u00eda declararon que la idea es \u201cprofundizar en la caracterizaci\u00f3n actual de los hogares argentinos\u201d en base a un Balance Energ\u00e9tico de Usos Finales que est\u00e1 en pleno proceso de realizaci\u00f3n.<\/p>\n<p>El objetivo es que \u00abla normalizaci\u00f3n tarifaria se realice de un modo equitativo, sostenible en el tiempo y que garantice el acceso a la energ\u00eda a toda la poblaci\u00f3n\u201d<\/p>\n<p>\u201cPara eso deben incluirse preguntas sobre usos energ\u00e9ticos en la pr\u00f3xima Encuesta Nacional de Gastos de Hogares que realiza el INDEC; cuando esa informaci\u00f3n est\u00e9 disponible se podr\u00e1 realizar el c\u00e1lculo de hogares en condiciones de pobreza energ\u00e9tica\u201d, anticiparon.<\/p>\n<p>El objetivo, dijeron voceros de la cartera que dirige Juan Jos\u00e9 Aranguen, es \u201cque la normalizaci\u00f3n tarifaria se realice de un modo equitativo, sostenible en el tiempo y que garantice el acceso a la energ\u00eda a toda la poblaci\u00f3n\u201d.<\/p>\n<p>Seg\u00fan el documento de la Uni\u00f3n Europea \u00abEnergy Poverty Handbook &#8211; 2016\u00bb, un hogar sufre de pobreza energ\u00e9tica si para mantener una calefacci\u00f3n adecuada necesita gastar m\u00e1s del 10 por ciento de sus ingresos y se llegar\u00eda a la extrema pobreza si la proporci\u00f3n asciende a 20.<\/p>\n<h6>Fuente: InfoNews<\/h6>\n","protected":false},"excerpt":{"rendered":"<p>El Ministerio de Energ\u00eda y Miner\u00eda tom\u00f3 el concepto utilizado por la Uni\u00f3n Europea. Buscan  una \u201cnormalizaci\u00f3n tarifaria\u201d aplicable \u201cde un modo equitativo\u201d que sea \u201csostenible en el tiempo\u201d y que \u201cgarantice el acceso a la energ\u00eda\u201d.<\/p>\n","protected":false},"author":2,"featured_media":63569,"comment_status":"closed","ping_status":"closed","sticky":false,"template":"","format":"standard","meta":{"footnotes":""},"categories":[8],"tags":[21],"class_list":["post-63568","post","type-post","status-publish","format-standard","has-post-thumbnail","hentry","category-informe-nacional","tag-argentina"],"_links":{"self":[{"href":"http:\/\/argentinamunicipal.com.ar\/argentina\/wp-json\/wp\/v2\/posts\/63568","targetHints":{"allow":["GET"]}}],"collection":[{"href":"http:\/\/argentinamunicipal.com.ar\/argentina\/wp-json\/wp\/v2\/posts"}],"about":[{"href":"http:\/\/argentinamunicipal.com.ar\/argentina\/wp-json\/wp\/v2\/types\/post"}],"author":[{"embeddable":true,"href":"http:\/\/argentinamunicipal.com.ar\/argentina\/wp-json\/wp\/v2\/users\/2"}],"replies":[{"embeddable":true,"href":"http:\/\/argentinamunicipal.com.ar\/argentina\/wp-json\/wp\/v2\/comments?post=63568"}],"version-history":[{"count":0,"href":"http:\/\/argentinamunicipal.com.ar\/argentina\/wp-json\/wp\/v2\/posts\/63568\/revisions"}],"wp:featuredmedia":[{"embeddable":true,"href":"http:\/\/argentinamunicipal.com.ar\/argentina\/wp-json\/wp\/v2\/media\/63569"}],"wp:attachment":[{"href":"http:\/\/argentinamunicipal.com.ar\/argentina\/wp-json\/wp\/v2\/media?parent=63568"}],"wp:term":[{"taxonomy":"category","embeddable":true,"href":"http:\/\/argentinamunicipal.com.ar\/argentina\/wp-json\/wp\/v2\/categories?post=63568"},{"taxonomy":"post_tag","embeddable":true,"href":"http:\/\/argentinamunicipal.com.ar\/argentina\/wp-json\/wp\/v2\/tags?post=63568"}],"curies":[{"name":"wp","href":"https:\/\/api.w.org\/{rel}","templated":true}]}}