{"id":63574,"date":"2017-06-01T07:03:49","date_gmt":"2017-06-01T10:03:49","guid":{"rendered":"http:\/\/argentinamunicipal.com.ar\/argentina\/?p=63574"},"modified":"2017-06-01T07:03:49","modified_gmt":"2017-06-01T10:03:49","slug":"dujovne-quiere-pobres-no-se-note","status":"publish","type":"post","link":"http:\/\/argentinamunicipal.com.ar\/argentina\/dujovne-quiere-pobres-no-se-note\/","title":{"rendered":"Dujovne quiere que si hay pobres, no se note"},"content":{"rendered":"<p>El ministro de Hacienda intent\u00f3 eludir una explicaci\u00f3n sobre el aumento de la pobreza en C\u00f3rdoba, del 40,5 por ciento, poniendo en duda las cifras. El Indec lo desminti\u00f3 en forma tajante mediante un duro comunicado.<\/p>\n<p>Con su proverbial costumbre de dar una visi\u00f3n ultra optimista de la realidad econ\u00f3mica, el ministro de Hacienda, Nicol\u00e1s Dujovne, intent\u00f3 poner en duda los datos estad\u00edsticos sobre el nivel de pobreza en C\u00f3rdoba, provincia en la que se encontraba de visita. Pero no eligi\u00f3 bien las palabras y se encontr\u00f3 con una dura respuesta del Indec descalificando sus expresiones. El Indec, en base a la informaci\u00f3n recabada por la Direcci\u00f3n de Estad\u00edsticas de C\u00f3rdoba, public\u00f3 esta semana que el \u00edndice de pobreza para el aglomerado urbano Gran C\u00f3rdoba afectaba, en el segundo semestre de 2016, al 40,5 por ciento de la poblaci\u00f3n. \u201cCuando vimos los n\u00fameros de C\u00f3rdoba, conversamos para revisarlos. Las autoridades est\u00e1n revisando si hay un sesgo metodol\u00f3gico, pero desde ya no hay ninguna intencionalidad pol\u00edtica\u201d, respondi\u00f3 Dujovne a una radio local, apenas arribado a la provincia, como forma de esquivar una explicaci\u00f3n sobre el aumento de la pobreza. Desafortunada elecci\u00f3n la del ministro, ya que a las pocas horas se difundi\u00f3 la respuesta por v\u00eda de comunicado del Indec. El organismo inform\u00f3 que \u201cno se est\u00e1 efectuando ninguna revisi\u00f3n de las cifras publicadas\u201d, a lo que agreg\u00f3 que \u201cel Instituto observa con preocupaci\u00f3n que las manifestaciones del Se\u00f1or Ministro puedan ser interpretadas como una afectaci\u00f3n de la independencia t\u00e9cnica del organismo\u201d. Inmediatamente, Dujovne se vio obligado a manifestar su respeto por la independencia del Indec, aunque con una manifestaci\u00f3n que est\u00e1 lejos de parecer una disculpa. \u201cCreo que hubo un mal entendido por parte del Indec, que no comprendi\u00f3 del todo mis declaraciones\u201d, manifest\u00f3 como toda aclaraci\u00f3n.<br \/>\nEl informe sobre Indigencia y Pobreza en el segundo semestre del a\u00f1o pasado, que dio a conocer esta semana el Indec, ubica la tasa de pobreza para todo el pa\u00eds (31 aglomerados urbanos) en el 30,3 por ciento de la poblaci\u00f3n. Las cifras m\u00e1s altas del pa\u00eds, por aglomerado, corresponden a los n\u00facleos urbanos de Santiago del Estero-La Banda (44 por ciento), Concordia (Entre R\u00edos, 43,6), Gran San Juan (43,5), y Gran C\u00f3rdoba (40,5).<\/p>\n<p>Las manifestaciones de Dujovne que provocaron la posterior desacreditaci\u00f3n del Indec fueron formuladas en una entrevista con Radio Mitre de C\u00f3rdoba, en las que se explay\u00f3 acerca de la supuesta reducci\u00f3n de la inflaci\u00f3n (\u201ceste a\u00f1o ser\u00e1 la mitad del a\u00f1o pasado\u201d), sobre la pol\u00edtica de tasas del Banco Central (\u201csi bien genera un costo de cort\u00edsimo plazo, provee el beneficio de la reducci\u00f3n de inflaci\u00f3n y defensa del salario real y poder de compra de los trabajadores\u201d), el nivel de actividad (\u201cla econom\u00eda est\u00e1 experimentando un proceso de recuperaci\u00f3n desde el tercer trimestre del a\u00f1o pasado\u201d) y el empleo (\u201ccrece a un ritmo de 10 mil a 20 mil nuevos puestos de trabajo mensuales\u201d). Como para no interrumpir el eje de respuestas optimistas, al ser consultado sobre el fuerte incremento de la pobreza en C\u00f3rdoba, a un nivel superior al 40 por ciento, respondi\u00f3 poniendo en duda la veracidad de los datos.<\/p>\n<p>\u201cCuando vimos los n\u00fameros de C\u00f3rdoba, hubo una conversaci\u00f3n (con el titular del Indec, se entiende) para ver si pod\u00edamos revisar si pod\u00eda haber, eventualmente, alg\u00fan sesgo metodol\u00f3gico\u201d, respondi\u00f3. La imprudencia del ministro lo llev\u00f3 a sugerir que interviene en un organismo que es aut\u00f3nomo, como el Indec, nada menos que para \u201crevisar\u201d las cifras publicadas.<\/p>\n<p>Todesca no debe haber dudado mucho en la necesidad de negar la supuesta revisi\u00f3n que Dujovne hab\u00eda hecho p\u00fablica. En t\u00e9rminos inusualmente duros, el comunicado del Indec se\u00f1ala que \u201cse ve en la obligaci\u00f3n de aclarar las expresiones vertidas por el ministro de Hacienda de la Naci\u00f3n, Nicol\u00e1s Dujovne, a trav\u00e9s de Radio Mitre C\u00f3rdoba, en el sentido de que las autoridades del Instituto se encuentran revisando las mediciones de pobreza del segundo semestre de 2016 correspondientes al aglomerado Gran C\u00f3rdoba.<\/p>\n<p>\u201cAl respecto, se han mantenido numerosas reuniones con los funcionarios de la Direcci\u00f3n General de Estad\u00edstica y Censos de esa provincia, a partir de las cuales no se observa que exista ninguna objeci\u00f3n metodol\u00f3gica s\u00f3lida respecto de los resultados obtenidos. En consecuencia, no se est\u00e1 efectuando ninguna revisi\u00f3n de las cifras publicadas (&#8230;). El Instituto observa con preocupaci\u00f3n que las manifestaciones del Se\u00f1or Ministro puedan ser interpretadas como una afectaci\u00f3n de la independencia t\u00e9cnica del organismo\u201d.<\/p>\n<p>Quiz\u00e1s sorprendido por las reacciones provocadas por sus poco cuidadas palabras, Dujovne volvi\u00f3 a referirse al tema, tras un encuentro con el gobernador Juan Schiaretti, en las que atribuy\u00f3 el entredicho a \u201cun malentendido por parte del Indec, que no comprendi\u00f3 del todo mis declaraciones\u201d. Eso s\u00ed, dej\u00f3 en claro su respaldo a la independencia del Indec.<\/p>\n<h6>Fuente: P\u00e1gina 12<\/h6>\n","protected":false},"excerpt":{"rendered":"<p>El ministro de Hacienda intent\u00f3 eludir una explicaci\u00f3n sobre el aumento de la pobreza en C\u00f3rdoba, del 40,5 por ciento, poniendo en duda las cifras. El Indec lo desminti\u00f3 en forma tajante mediante un duro comunicado.<\/p>\n","protected":false},"author":2,"featured_media":63575,"comment_status":"closed","ping_status":"closed","sticky":false,"template":"","format":"standard","meta":{"footnotes":""},"categories":[8],"tags":[21],"class_list":["post-63574","post","type-post","status-publish","format-standard","has-post-thumbnail","hentry","category-informe-nacional","tag-argentina"],"_links":{"self":[{"href":"http:\/\/argentinamunicipal.com.ar\/argentina\/wp-json\/wp\/v2\/posts\/63574","targetHints":{"allow":["GET"]}}],"collection":[{"href":"http:\/\/argentinamunicipal.com.ar\/argentina\/wp-json\/wp\/v2\/posts"}],"about":[{"href":"http:\/\/argentinamunicipal.com.ar\/argentina\/wp-json\/wp\/v2\/types\/post"}],"author":[{"embeddable":true,"href":"http:\/\/argentinamunicipal.com.ar\/argentina\/wp-json\/wp\/v2\/users\/2"}],"replies":[{"embeddable":true,"href":"http:\/\/argentinamunicipal.com.ar\/argentina\/wp-json\/wp\/v2\/comments?post=63574"}],"version-history":[{"count":0,"href":"http:\/\/argentinamunicipal.com.ar\/argentina\/wp-json\/wp\/v2\/posts\/63574\/revisions"}],"wp:featuredmedia":[{"embeddable":true,"href":"http:\/\/argentinamunicipal.com.ar\/argentina\/wp-json\/wp\/v2\/media\/63575"}],"wp:attachment":[{"href":"http:\/\/argentinamunicipal.com.ar\/argentina\/wp-json\/wp\/v2\/media?parent=63574"}],"wp:term":[{"taxonomy":"category","embeddable":true,"href":"http:\/\/argentinamunicipal.com.ar\/argentina\/wp-json\/wp\/v2\/categories?post=63574"},{"taxonomy":"post_tag","embeddable":true,"href":"http:\/\/argentinamunicipal.com.ar\/argentina\/wp-json\/wp\/v2\/tags?post=63574"}],"curies":[{"name":"wp","href":"https:\/\/api.w.org\/{rel}","templated":true}]}}