{"id":63589,"date":"2017-06-01T06:28:42","date_gmt":"2017-06-01T09:28:42","guid":{"rendered":"http:\/\/argentinamunicipal.com.ar\/argentina\/?p=63589"},"modified":"2017-06-01T07:32:23","modified_gmt":"2017-06-01T10:32:23","slug":"se-elige-cuando-se-vota-una-las-provincias","status":"publish","type":"post","link":"http:\/\/argentinamunicipal.com.ar\/argentina\/se-elige-cuando-se-vota-una-las-provincias\/","title":{"rendered":"Qu\u00e9 se elige y cu\u00e1ndo se vota en cada una de las provincias"},"content":{"rendered":"<p>Durante este a\u00f1o se llevar\u00e1n a cabo elecciones nacionales en todo el territorio argentino, pero adem\u00e1s dos provincias eligen cargos ejecutivos y los habitantes de 15 distritos van a las urnas para participar en comicios locales.<\/p>\n<p>El 2017 es un a\u00f1o electoral para toda la Argentina. Los habitantes de todo el pa\u00eds votar\u00e1n, primero en las PASO y luego en generales, cargos legislativos a nivel nacional. Tambi\u00e9n habr\u00e1 comicios locales en 15 provincias: 13 elegir\u00e1n cargos provinciales y municipales y dos, s\u00f3lo municipales.<\/p>\n<p>Adem\u00e1s, dos distritos elegir\u00e1n cargos ejecutivos: tanto Santiago del Estero como Corrientes votar\u00e1n gobernador y vice.<\/p>\n<p>El pr\u00f3ximo domingo ser\u00e1 hora de ir a la urnas para los habitantes de La Rioja, que elegir\u00e1n a 18 legisladores; de Chaco, quienes tendr\u00e1n las PASO provinciales; y de las ciudades de Corrientes capital y Ancasti (Catamarca), quienes elegir\u00e1n cargos ejecutivos municipales.<\/p>\n<p>El detalle de los cargos y las fechas, provincia por provincia<\/p>\n<p>C\u00f3mo sigue el cronograma a nivel nacional<br \/>\nLa pr\u00f3xima fecha en el cronograma electoral es el 14 de junio, cuando vence el plazo para solicitar el reconocimiento de alianzas transitorias y confederaciones para participar en los comicios. Hasta el 19 del mismo mes se puede pedir la asignaci\u00f3n de los colores de las boletas para las PASO y las generales.<\/p>\n<p>El 24 de junio, en tanto, concluye el plazo para la presentaci\u00f3n de listas de precandidatos ante las juntas electorales partidarias.<br \/>\nQuince d\u00edas antes del inicio de la campa\u00f1a, el 9 de julio, ser\u00e1 la fecha l\u00edmite para asignar espacios de publicidad en medios de comunicaci\u00f3n audiovisual por sorteo p\u00fablico por la Direcci\u00f3n Nacional Electoral.<\/p>\n<p>Y el 14 de julio ser\u00e1 el d\u00eda en que se designen las autoridades de mesa y comience oficialmente la campa\u00f1a electoral para las primarias abiertas, simult\u00e1neas y obligatorias, que se realizar\u00e1n el 13 de agosto.<\/p>\n<p>La fecha dispuesta para las elecciones generales es el 22 de octubre y se estableci\u00f3 el 17 de septiembre como inicio de la campa\u00f1a.<\/p>\n<h6>Fuente: El Diario de Madryn<\/h6>\n","protected":false},"excerpt":{"rendered":"<p>Durante este a\u00f1o se llevar\u00e1n a cabo elecciones nacionales en todo el territorio argentino, pero adem\u00e1s dos provincias eligen cargos ejecutivos y los habitantes de 15 distritos van a las urnas para participar en comicios locales.<\/p>\n","protected":false},"author":2,"featured_media":63590,"comment_status":"closed","ping_status":"closed","sticky":false,"template":"","format":"standard","meta":{"footnotes":""},"categories":[8],"tags":[21],"class_list":["post-63589","post","type-post","status-publish","format-standard","has-post-thumbnail","hentry","category-informe-nacional","tag-argentina"],"_links":{"self":[{"href":"http:\/\/argentinamunicipal.com.ar\/argentina\/wp-json\/wp\/v2\/posts\/63589","targetHints":{"allow":["GET"]}}],"collection":[{"href":"http:\/\/argentinamunicipal.com.ar\/argentina\/wp-json\/wp\/v2\/posts"}],"about":[{"href":"http:\/\/argentinamunicipal.com.ar\/argentina\/wp-json\/wp\/v2\/types\/post"}],"author":[{"embeddable":true,"href":"http:\/\/argentinamunicipal.com.ar\/argentina\/wp-json\/wp\/v2\/users\/2"}],"replies":[{"embeddable":true,"href":"http:\/\/argentinamunicipal.com.ar\/argentina\/wp-json\/wp\/v2\/comments?post=63589"}],"version-history":[{"count":0,"href":"http:\/\/argentinamunicipal.com.ar\/argentina\/wp-json\/wp\/v2\/posts\/63589\/revisions"}],"wp:featuredmedia":[{"embeddable":true,"href":"http:\/\/argentinamunicipal.com.ar\/argentina\/wp-json\/wp\/v2\/media\/63590"}],"wp:attachment":[{"href":"http:\/\/argentinamunicipal.com.ar\/argentina\/wp-json\/wp\/v2\/media?parent=63589"}],"wp:term":[{"taxonomy":"category","embeddable":true,"href":"http:\/\/argentinamunicipal.com.ar\/argentina\/wp-json\/wp\/v2\/categories?post=63589"},{"taxonomy":"post_tag","embeddable":true,"href":"http:\/\/argentinamunicipal.com.ar\/argentina\/wp-json\/wp\/v2\/tags?post=63589"}],"curies":[{"name":"wp","href":"https:\/\/api.w.org\/{rel}","templated":true}]}}