{"id":63592,"date":"2017-06-01T07:38:37","date_gmt":"2017-06-01T10:38:37","guid":{"rendered":"http:\/\/argentinamunicipal.com.ar\/argentina\/?p=63592"},"modified":"2017-06-01T07:38:37","modified_gmt":"2017-06-01T10:38:37","slug":"horizonte-compartido","status":"publish","type":"post","link":"http:\/\/argentinamunicipal.com.ar\/argentina\/horizonte-compartido\/","title":{"rendered":"Horizonte compartido"},"content":{"rendered":"<p>La jornada que organizaron la CGT y la Federaci\u00f3n Argentina de Municipios (FAM) tuvo como finalidad reflexionar sobre el impacto negativo que la pol\u00edtica econ\u00f3mica del gobierno de Mauricio Macri tiene en la vida de los trabajadores. Las coincidencias fueron notorias a pesar de que varios de los presentes transitan por carriles diferentes en la complicada vida interna del PJ bonaerense. Por caso, el triunviro de la central obrera, H\u00e9ctor Daer, dijo posando su mano sobre la de la intendenta de La Matanza, Ver\u00f3nica Magario: \u201cCompartimos el mismo horizonte, la necesidad del triunfo del peronismo para reinsertar la equidad, la inclusi\u00f3n y la justicia social\u201d. Pero no se habl\u00f3 de unidad.<\/p>\n<p>El encuentro, realizado en el sal\u00f3n Felipe Vallese, fue organizado por el secretario de Estad\u00edsticas y Defensa del Consumidor de la CGT, V\u00edctor Santa Mar\u00eda (Encargados de Edificio) y la FAM que preside Magario. La jornada, que llev\u00f3 el t\u00edtulo de \u201cEl impacto local de los aumentos generalizados de precios\u201d, tuvo como expositores al intendente de Ushuaia, Walter Vuoto, Fernando Barrera de UPCN, Paula Espa\u00f1ol de la consultora Radar y Nicol\u00e1s Trotta de la Universidad Metropolitana de para la Educaci\u00f3n y el Trabajo (UMET). El panorama que describi\u00f3 el fueguino fue desolador a partir del impacto que tuvo en la econom\u00eda de la isla con la apertura de importaciones. \u201cDurante el gobierno kirchnerista se generaron 12 mil puestos de trabajo en el \u00e1rea industrial. Ahora se perdieron 7000 y para nuestra econom\u00eda es algo as\u00ed como que en la ciudad de Buenos Aires quedaran desempleados, de un d\u00eda para el otro, unas 250.000 personas\u201d.<\/p>\n<p>A su turno, Paula Espa\u00f1ol destruy\u00f3 la tesis macrista de la reactivaci\u00f3n laboral. \u201cEn 2015 se perdieron 40 mil trabajos estables y lo que creci\u00f3 fueron los monotributistas. Eso es precarizaci\u00f3n laboral\u201d. Por otra parte, advirti\u00f3 del peligro que implica la apertura econ\u00f3mica al sostener que \u201ces peor que la de los noventa porque antes China no estaba abierta al mercado. Ahora el efecto da\u00f1ino es mayor porque China se incorpor\u00f3 a la Organizaci\u00f3n Mundial de Comercio (OMC). Adem\u00e1s, el avance tecnol\u00f3gico lleva a que hoy se haga una transacci\u00f3n comercial con China por WhatsApp\u201d.<\/p>\n<p>Trotta, en tanto, puso el acento en la errada pol\u00edtica antiinflacionaria del macrismo. \u201cEllos creen que la inflaci\u00f3n se produce por un exceso de emisi\u00f3n de dinero, de gasto y demanda agregada; de un recalentamiento de la econom\u00eda. De all\u00ed que la receta sea tambi\u00e9n siempre la misma: ajuste y enfriamiento\u201d. Trotta indic\u00f3 tambi\u00e9n que si el gobierno insiste con usar los salarios para frenar la inflaci\u00f3n, \u201clas posibilidades de \u00e9xito son bajas, pero adicionalmente sacrificar\u00eda de ese modo la palanca principal de la reactivaci\u00f3n econ\u00f3mica, que es el consumo\u201d.<\/p>\n<p>Cuando los expositores finalizaron lleg\u00f3 el turno de los organizadores y el primero en hablar fue Santa Mar\u00eda. El mensaje pol\u00edtico fue claro cuando sostuvo que es preciso trabajar juntos para \u201cfrenar las pol\u00edticas neoliberales que tanto da\u00f1o hacen\u201d y cuando record\u00f3 el viejo apotegma peronista de \u201cprimero la patria, luego el movimiento y por \u00faltimo los hombres\u201d fue imposible dejar de pensar que se refer\u00eda a la unidad que se reclama en el peronismo. Magario llam\u00f3 a defender juntos, CGT y FAM, el trabajo y el salario o \u201cpronto comenzar\u00e1n a aparecer los desnutridos\u201d.<\/p>\n<p>El \u00faltimo fue Daer que, si bien no hizo referencia a la unidad, dijo que era imprescindible que gane el PJ \u201cpero no para tener m\u00e1s o menos bancas sino para ser gobierno en 2019\u201d. Luego todos entonaron la marcha peronista.<\/p>\n<h6>Fuente: P\u00e1gina 12<\/h6>\n","protected":false},"excerpt":{"rendered":"<p>La jornada que organizaron la CGT y la Federaci\u00f3n Argentina de Municipios (FAM) tuvo como finalidad reflexionar sobre el impacto negativo que la pol\u00edtica econ\u00f3mica del gobierno de Mauricio Macri tiene en la vida de los trabajadores.<\/p>\n","protected":false},"author":2,"featured_media":63593,"comment_status":"closed","ping_status":"closed","sticky":false,"template":"","format":"standard","meta":{"footnotes":""},"categories":[8],"tags":[21],"class_list":["post-63592","post","type-post","status-publish","format-standard","has-post-thumbnail","hentry","category-informe-nacional","tag-argentina"],"_links":{"self":[{"href":"http:\/\/argentinamunicipal.com.ar\/argentina\/wp-json\/wp\/v2\/posts\/63592","targetHints":{"allow":["GET"]}}],"collection":[{"href":"http:\/\/argentinamunicipal.com.ar\/argentina\/wp-json\/wp\/v2\/posts"}],"about":[{"href":"http:\/\/argentinamunicipal.com.ar\/argentina\/wp-json\/wp\/v2\/types\/post"}],"author":[{"embeddable":true,"href":"http:\/\/argentinamunicipal.com.ar\/argentina\/wp-json\/wp\/v2\/users\/2"}],"replies":[{"embeddable":true,"href":"http:\/\/argentinamunicipal.com.ar\/argentina\/wp-json\/wp\/v2\/comments?post=63592"}],"version-history":[{"count":0,"href":"http:\/\/argentinamunicipal.com.ar\/argentina\/wp-json\/wp\/v2\/posts\/63592\/revisions"}],"wp:featuredmedia":[{"embeddable":true,"href":"http:\/\/argentinamunicipal.com.ar\/argentina\/wp-json\/wp\/v2\/media\/63593"}],"wp:attachment":[{"href":"http:\/\/argentinamunicipal.com.ar\/argentina\/wp-json\/wp\/v2\/media?parent=63592"}],"wp:term":[{"taxonomy":"category","embeddable":true,"href":"http:\/\/argentinamunicipal.com.ar\/argentina\/wp-json\/wp\/v2\/categories?post=63592"},{"taxonomy":"post_tag","embeddable":true,"href":"http:\/\/argentinamunicipal.com.ar\/argentina\/wp-json\/wp\/v2\/tags?post=63592"}],"curies":[{"name":"wp","href":"https:\/\/api.w.org\/{rel}","templated":true}]}}