{"id":63626,"date":"2017-06-01T06:23:03","date_gmt":"2017-06-01T09:23:03","guid":{"rendered":"http:\/\/argentinamunicipal.com.ar\/argentina\/?p=63626"},"modified":"2017-06-01T08:26:35","modified_gmt":"2017-06-01T11:26:35","slug":"santa-fe-la-increible-odisea-los-maestros-intiyaco","status":"publish","type":"post","link":"http:\/\/argentinamunicipal.com.ar\/argentina\/santa-fe-la-increible-odisea-los-maestros-intiyaco\/","title":{"rendered":"Santa Fe: La incre\u00edble odisea de los maestros de Intiyaco"},"content":{"rendered":"<p>La Direcci\u00f3n de Protecci\u00f3n Civil contrat\u00f3 el servicio de un tractor -doble tracci\u00f3n- a la Comuna de Ca\u00f1ada Omb\u00fa para que, conducido por el propio presidente comunal Armando Quintana, pueda transportar a la gente con sus provisiones.<\/p>\n<p>El \u00faltimo lunes fuimos testigos de la odisea que deben pasar los maestros, adem\u00e1s de otros lugare\u00f1os, que necesitan trasladarse para cumplir con sus tareas en algunas localidades de la Ruta 3, en el trayecto Intiyaco-Ca\u00f1ada Omb\u00fa.<\/p>\n<p>Adem\u00e1s del Unimog que cumple funciones del 107, la Direcci\u00f3n de Protecci\u00f3n Civil contrat\u00f3 el servicio de un tractor -doble tracci\u00f3n- de la Comuna de Ca\u00f1ada Omb\u00fa para que, conducido por el propio presidente comunal Armando Quintana, pueda transportar a la gente con sus provisiones.<\/p>\n<p>En esta oportunidad, el pasaje estuvo compuesto por 19 personas, 13 de las cuales eran docentes de Golondrina, Los T\u00e1banos y Ca\u00f1ada Omb\u00fa, adem\u00e1s de sus provisiones.<\/p>\n<p>Si bien el primer tramo, en proceso de pavimentaci\u00f3n, tiene unos 2 kil\u00f3metros de compactaci\u00f3n donde est\u00e1n marcadas las huellas, m\u00e1s adelante la marcha se complica, porque tiene varios cortes a la altura de Los T\u00e1banos, lo que obliga a una marcha muy lenta, que demanda unas 5 horas para cubrir los 45 kil\u00f3metros del trayecto.<\/p>\n<p>Sobre este tema, el secretario seccional de Amsafe Vera presenci\u00f3 la partida desde Intiyaco y no ocult\u00f3 su preocupaci\u00f3n \u201cpor las condiciones de una movilidad que no ofrece mayores garant\u00edas de seguridad\u201d.<\/p>\n<p>No obstante agradeci\u00f3 la participaci\u00f3n de la Direcci\u00f3n de Protecci\u00f3n Civil que trata de subsanar los inconvenientes y favorecer la asistencia, pero \u201cno podemos resignarnos a que esta situaci\u00f3n se mantenga en el tiempo, pensando que es lo que hay, porque no deber\u00eda ser as\u00ed\u201d.<\/p>\n<p>El dirigente recab\u00f3 m\u00e1s informaci\u00f3n de parte de los maestros para completar el relevamiento que el gremio inici\u00f3 para informar a las autoridades y que hasta el momento arroja \u201c61 establecimientos afectados con m\u00e1s de 130 docentes de todos los niveles que, por falta de caminos y medios adecuados de transporte, no pueden desarrollar normalmente sus tareas\u201d.<\/p>\n<p><strong>Instituciones afectadas<\/strong><\/p>\n<p>Seg\u00fan un propio relevamiento de Amsafe, hay 61 establecimientos educativos afectados. As\u00ed lo hizo saber el secretario seccional de Amsafe Vera, Aldo Pighin. Adem\u00e1s se mostr\u00f3 \u201cmuy preocupado por la grave situaci\u00f3n que soportan 61 escuelas y que tambi\u00e9n afecta a m\u00e1s de 130 docentes de todos los niveles en el \u00e1mbito departamental\u201d.<\/p>\n<p>Los datos surgieron de un relevamiento realizado por el gremio, que desde hace tiempo viene discutiendo con las autoridades la aplicaci\u00f3n del art\u00edculo 23.3 (fen\u00f3meno meteorol\u00f3gico) y que, de acuerdo a lo conversado con la delegada regional Luc\u00eda Escobar y el secretario de Educaci\u00f3n del Ministerio Oscar Di Paolo, \u201ctiene plena vigencia y su certificado debe ser extendido por la Polic\u00eda\u201d, con el compromiso de que \u201cel propio gremio oficie de contralor para evitar abusos\u201d.<\/p>\n<p>Pighin insisti\u00f3 en la situaci\u00f3n que se da en el traslado de los docentes en medios no convencionales, poniendo en riesgo su integridad f\u00edsica y \u201cya se han registrado accidentes que no queremos que se repitan\u201d, algo que tambi\u00e9n se incluye en el temario del Comit\u00e9 Mixto, en el que se vela por la salud de los maestros y la infraestructura escolar que debe garantizar el normal desempe\u00f1o de su tarea.<\/p>\n<h6>Fuente: El Litoral Santa Fe<\/h6>\n","protected":false},"excerpt":{"rendered":"<p>La Direcci\u00f3n de Protecci\u00f3n Civil contrat\u00f3 el servicio de un tractor -doble tracci\u00f3n- a la Comuna de Ca\u00f1ada Omb\u00fa para que, conducido por el propio presidente comunal Armando Quintana, pueda transportar a la gente con sus provisiones.<\/p>\n","protected":false},"author":2,"featured_media":63627,"comment_status":"closed","ping_status":"closed","sticky":false,"template":"","format":"standard","meta":{"footnotes":""},"categories":[2],"tags":[10],"class_list":["post-63626","post","type-post","status-publish","format-standard","has-post-thumbnail","hentry","category-informe-municipal","tag-santa-fe"],"_links":{"self":[{"href":"http:\/\/argentinamunicipal.com.ar\/argentina\/wp-json\/wp\/v2\/posts\/63626","targetHints":{"allow":["GET"]}}],"collection":[{"href":"http:\/\/argentinamunicipal.com.ar\/argentina\/wp-json\/wp\/v2\/posts"}],"about":[{"href":"http:\/\/argentinamunicipal.com.ar\/argentina\/wp-json\/wp\/v2\/types\/post"}],"author":[{"embeddable":true,"href":"http:\/\/argentinamunicipal.com.ar\/argentina\/wp-json\/wp\/v2\/users\/2"}],"replies":[{"embeddable":true,"href":"http:\/\/argentinamunicipal.com.ar\/argentina\/wp-json\/wp\/v2\/comments?post=63626"}],"version-history":[{"count":0,"href":"http:\/\/argentinamunicipal.com.ar\/argentina\/wp-json\/wp\/v2\/posts\/63626\/revisions"}],"wp:featuredmedia":[{"embeddable":true,"href":"http:\/\/argentinamunicipal.com.ar\/argentina\/wp-json\/wp\/v2\/media\/63627"}],"wp:attachment":[{"href":"http:\/\/argentinamunicipal.com.ar\/argentina\/wp-json\/wp\/v2\/media?parent=63626"}],"wp:term":[{"taxonomy":"category","embeddable":true,"href":"http:\/\/argentinamunicipal.com.ar\/argentina\/wp-json\/wp\/v2\/categories?post=63626"},{"taxonomy":"post_tag","embeddable":true,"href":"http:\/\/argentinamunicipal.com.ar\/argentina\/wp-json\/wp\/v2\/tags?post=63626"}],"curies":[{"name":"wp","href":"https:\/\/api.w.org\/{rel}","templated":true}]}}