{"id":63629,"date":"2017-06-01T05:27:18","date_gmt":"2017-06-01T08:27:18","guid":{"rendered":"http:\/\/argentinamunicipal.com.ar\/argentina\/?p=63629"},"modified":"2017-06-01T08:28:45","modified_gmt":"2017-06-01T11:28:45","slug":"70-los-jubilados-cobra-haberes-debajo-la-linea-pobreza","status":"publish","type":"post","link":"http:\/\/argentinamunicipal.com.ar\/argentina\/70-los-jubilados-cobra-haberes-debajo-la-linea-pobreza\/","title":{"rendered":"\u201cEl 70% de los jubilados cobra haberes por debajo de la l\u00ednea de pobreza\u201d"},"content":{"rendered":"<p>Lo se\u00f1al\u00f3 a Info Regi\u00f3n la diputada nacional del FR Mirta Tundis, que tambi\u00e9n respald\u00f3 el fallo judicial que declar\u00f3 inconstitucional que los jubilados paguen ganancias. \u201cSon muy pocos los que pagan, pero aun as\u00ed es injusto porque ya pagaron durante su vida laboral y hoy lo que cobran ya no es renta\u201d, justific\u00f3.<\/p>\n<p>La diputada nacional del Frente Renovador y titular de la Comisi\u00f3n de Previsi\u00f3n y Seguridad Social, Mirta Tundis, resalt\u00f3 a Info Regi\u00f3n que \u201ces injusto\u201d que los jubilados paguen Impuesto a las Ganancias y, aunque admiti\u00f3 que el universo afectado \u201ces muy poco\u201d, consider\u00f3 que \u201cel haber no es una renta\u201d que justifique el pago de un gravamen.<\/p>\n<p>\u201cEl fallo de la Sala II de la C\u00e1mara Federal de la Seguridad Social no deja sentado precedente o jurisprudencia porque para hacerlo deber\u00eda haber sido un fallo de la Corte Suprema. De todos modos, establece que es inconstitucional porque la persona, en su haber jubilatorio, no est\u00e1 alcanzada por el Impuesto a las Ganancias\u201d, explic\u00f3 la legisladora.<\/p>\n<p>La C\u00e1mara emiti\u00f3 el fallo hace quince d\u00edas en beneficio de Leonardo Calderale, que en 2012 inici\u00f3 la causa contra la AFIP, luego de que le retuvieran Ganancias tras cumplir con 23 a\u00f1os de servicio como trabajador y pidiera un reajuste de haberes.<\/p>\n<p>\u201cConsidero que el jubilado fue un trabajador que aport\u00f3 toda su vida. Mientras estuvo en actividad, su sueldo y sus horas extras seguro fueron alcanzados por ganancias. Es injusto que sigan pagando porque ya no trabajan y porque es el ahorro que hicieron durante 30 \u00f3 40 a\u00f1os, durante los cuales aportaron para que otros jubilados cobraran su haber jubilatorio administrando esos fondos el gobierno de turno\u201d, argument\u00f3.<\/p>\n<p>Y aclar\u00f3 que \u201clo que hoy reciben es un aporte jubilatorio de un sistema solidario\u201d, por lo que \u201cno tienen Ganancia ni es una renta\u201d.<\/p>\n<p>Desde el Gobierno nacional, a trav\u00e9s de un comunicado de prensa difundido por la Administraci\u00f3n Nacional de Seguridad Social(Anses), advirtieron que apelar\u00e1n el fallo al sostener que el pago del impuesto alcanza \u201ca un sector reducido de la sociedad que percibe remuneraciones elevadas, por encima de los 38.364 pesos\u201d.<\/p>\n<p>\u201cEs cierto que son pocos. Hasta el a\u00f1o pasado, antes de la modificaci\u00f3n de la ley (escalas y franjas del tributo), pagaban m\u00e1s de 300 mil jubilados. Pero aun as\u00ed es injusto porque ya pagaron durante toda su vida laboral\u201d, se\u00f1al\u00f3 Tundis e hizo referencia a que la mayor parte de los jubilados, lejos de estar obligada al pago de ganancias por recibir una remuneraci\u00f3n elevada, \u201ccobra haberes por debajo de la l\u00ednea de pobreza\u201d.<\/p>\n<p>\u201cEn un universo de seis millones setecientos mil jubilados y pensionados, hay mucho m\u00e1s del 70 por ciento que est\u00e1 por debajo de la canasta b\u00e1sica y cobra haberes m\u00ednimos\u201d, detall\u00f3 y precis\u00f3: \u201cSe considera que el 53 por ciento del universo de jubilados cobra haberes m\u00ednimos, que es un porcentaje ya muy alto. Pero hay que tener en cuenta que el que cobra 6.500 pesos, que no es un haber m\u00ednimo, tambi\u00e9n est\u00e1 en esa misma franja. Son haberes bajos, por debajo de la l\u00ednea de pobreza\u201d, se\u00f1al\u00f3.<\/p>\n<p>La Canasta B\u00e1sica del Jubilado se ubic\u00f3 en 16.134 pesos a mayo de este a\u00f1o, subiendo un 12,84% respecto de la anterior medici\u00f3n de diciembre de 2016.<\/p>\n<p>La situaci\u00f3n del PAMI. En otro orden, se refiri\u00f3 a la situaci\u00f3n de incertidumbre que viven los jubilados con motivo de las discordancias entre el PAMI y los laboratorios en la prestaci\u00f3n de medicamentos.<\/p>\n<p>En ese marco, se mostr\u00f3 de acuerdo en la revisi\u00f3n del contrato que hab\u00eda sido rubricado en enero, bajo la administraci\u00f3n de Carlos Regazonni en el organismo, al asegurar que \u201ces injusto que un laboratorio de patente y marca extranjera venda en otro pa\u00eds el mismo medicamentos a mitad de precio que ac\u00e1\u201d.<\/p>\n<p>El conflicto de desencaden\u00f3 el 28 de abril, cuando el PAMI le notific\u00f3 a las grandes c\u00e1maras de la industria farmac\u00e9utica que rescindir\u00eda el contrato de provisi\u00f3n. A su vez, responsabiliz\u00f3 a los laboratorios de la prestaci\u00f3n por sesenta d\u00edas, pese a la deuda millonaria que el Estado mantiene con la industria. \u201cEl PAMI debe saber que esto no da para m\u00e1s. Es una cadena de incumplimientos de pago. El Estado no le paga a la industria, la industria no nos paga a nosotros y ma\u00f1ana los abuelos se ven amenazados\u201d, hab\u00eda se\u00f1alado a Info Regi\u00f3n N\u00e9stor Caprov, titular del Colegio de Farmac\u00e9uticos de Lan\u00fas.<\/p>\n<p>En ese contexto, para Tundis \u201ccada sector justifica su accionar, pero el que queda en el medio es el jubilado\u201d. \u201cEstuve hablando con el director ejecutivo del Pami Sergio Cassinotti y ellos dicen que le dieron de baja a este convenio (con la industria) porque es muy alto y costoso y quieren tener un precio de referencia de medicamentos, lo que no me parece mal\u201d, se\u00f1al\u00f3.<\/p>\n<p>No obstante, pidi\u00f3 \u201cque no sea el jubilado el que pague los platos rotos\u201d. \u201cLas farmacias siguen reclamando por la deuda de 2000 millones de pesos. La deuda viene de arrastre y el que paga los platos rotos es el jubilado. El manejo es desprolijo\u201d, sostuvo.<\/p>\n<h6>Fuente: InfoRegi\u00f3n<\/h6>\n","protected":false},"excerpt":{"rendered":"<p>Lo se\u00f1al\u00f3 a Info Regi\u00f3n la diputada nacional del FR Mirta Tundis, que tambi\u00e9n respald\u00f3 el fallo judicial que declar\u00f3 inconstitucional que los jubilados paguen ganancias.<\/p>\n","protected":false},"author":2,"featured_media":63630,"comment_status":"closed","ping_status":"closed","sticky":false,"template":"","format":"standard","meta":{"footnotes":""},"categories":[8],"tags":[21],"class_list":["post-63629","post","type-post","status-publish","format-standard","has-post-thumbnail","hentry","category-informe-nacional","tag-argentina"],"_links":{"self":[{"href":"http:\/\/argentinamunicipal.com.ar\/argentina\/wp-json\/wp\/v2\/posts\/63629","targetHints":{"allow":["GET"]}}],"collection":[{"href":"http:\/\/argentinamunicipal.com.ar\/argentina\/wp-json\/wp\/v2\/posts"}],"about":[{"href":"http:\/\/argentinamunicipal.com.ar\/argentina\/wp-json\/wp\/v2\/types\/post"}],"author":[{"embeddable":true,"href":"http:\/\/argentinamunicipal.com.ar\/argentina\/wp-json\/wp\/v2\/users\/2"}],"replies":[{"embeddable":true,"href":"http:\/\/argentinamunicipal.com.ar\/argentina\/wp-json\/wp\/v2\/comments?post=63629"}],"version-history":[{"count":0,"href":"http:\/\/argentinamunicipal.com.ar\/argentina\/wp-json\/wp\/v2\/posts\/63629\/revisions"}],"wp:featuredmedia":[{"embeddable":true,"href":"http:\/\/argentinamunicipal.com.ar\/argentina\/wp-json\/wp\/v2\/media\/63630"}],"wp:attachment":[{"href":"http:\/\/argentinamunicipal.com.ar\/argentina\/wp-json\/wp\/v2\/media?parent=63629"}],"wp:term":[{"taxonomy":"category","embeddable":true,"href":"http:\/\/argentinamunicipal.com.ar\/argentina\/wp-json\/wp\/v2\/categories?post=63629"},{"taxonomy":"post_tag","embeddable":true,"href":"http:\/\/argentinamunicipal.com.ar\/argentina\/wp-json\/wp\/v2\/tags?post=63629"}],"curies":[{"name":"wp","href":"https:\/\/api.w.org\/{rel}","templated":true}]}}