{"id":63648,"date":"2017-06-02T07:14:29","date_gmt":"2017-06-02T10:14:29","guid":{"rendered":"http:\/\/argentinamunicipal.com.ar\/argentina\/?p=63648"},"modified":"2017-06-02T07:14:29","modified_gmt":"2017-06-02T10:14:29","slug":"la-persecucion-sindical","status":"publish","type":"post","link":"http:\/\/argentinamunicipal.com.ar\/argentina\/la-persecucion-sindical\/","title":{"rendered":"Contra la persecuci\u00f3n sindical"},"content":{"rendered":"<p>La CTA Aut\u00f3noma recurri\u00f3 al organismo internacional ante el despido de 33 trabajadores de la cartera laboral. Son empleados tercerizados que fueron cesanteados por participar de protestas en reclamo del pago de sus salarios.<\/p>\n<p>La CTA Aut\u00f3noma denunci\u00f3 al ministro de Trabajo, Jorge Triaca, ante la Organizaci\u00f3n Internacional de Trabajo (OIT) por \u201cdiscriminaci\u00f3n y persecuci\u00f3n sindical\u201d, a ra\u00edz del despido de 33 trabajadores tercerizados de limpieza que fueron incluidos en una lista negra por su participaci\u00f3n gremial. Los empleados hab\u00edan denunciado p\u00fablicamente que la empresa contratada por esa cartera adeudaba sueldos y aportes provisionales. \u201cM\u00e1s all\u00e1 de la irregularidad del trabajo tercerizado y precarizado en el propio Ministerio de Trabajo, ac\u00e1 se despidi\u00f3 deliberadamente a quienes hab\u00edan participado de las protestas\u201d, afirm\u00f3 Jos\u00e9 Peralta, secretario general de la CTA Capital.<\/p>\n<p>El conflicto con la tercerizada Inmatec SA comenz\u00f3 hace m\u00e1s de un a\u00f1o cuando la empresa empez\u00f3 a pagar los salarios fuera de t\u00e9rmino y dej\u00f3 de aportar las cargas sociales. La irregularidad afect\u00f3 a los 130 trabajadores de limpieza y mantenimiento que se desempe\u00f1aban en el edificio de Leandro N. Alem al 600.<\/p>\n<p>En marzo pasado, la empresa directamente dej\u00f3 de pagar los sueldos. A pesar de esa irregularidad, fue reci\u00e9n en mayo \u2013y tras las protestas de los trabajadores que hicieron movilizaciones, ollas populares y se encadenaron a la puerta\u2013 que el Ministerio conducido por Triaca rescindi\u00f3 el contrato y eligi\u00f3 a otra tercerizada, Clearing Office SRL, para prestar el servicio. El ministro prometi\u00f3 la continuidad laboral de todos los empleados que ven\u00edan trabajando y ten\u00edan v\u00ednculo con la anterior prestadora del servicio.<\/p>\n<p>Pero no fue as\u00ed. El 2 de mayo, despu\u00e9s de los festejos por el D\u00eda del Trabajador, los empleados de limpieza se encontraron en la puerta del Ministerio con la lista de quienes no hab\u00edan sido recontratados, unos 33 en total. Casualmente all\u00ed estaban los tres delegados del Sindicato de Trabajadores de Maestranza y Mantenimiento (Sitmma) y otros treinta que hab\u00edan participado activamente de las protestas.<\/p>\n<p>\u201cEst\u00e1 a la vista que son despidos acompa\u00f1ados por discriminaci\u00f3n y persecuci\u00f3n sindical. La lista fue realizada por personal del Ministerio de Trabajo que sab\u00eda qui\u00e9nes eran los delegados y los trabajadores que hab\u00edan participado de la protesta. Todo sucede dentro del \u00e1mbito que tiene garantizar estos derechos. \u00bfAd\u00f3nde \u00edbamos a recurrir?\u201d, le dijo a P\u00e1ginaI12 Peralta, que junto a los trabajadores despedidos fue hasta la sede de la OIT a presentar la denuncia.<\/p>\n<p>Seg\u00fan el dirigente, el ministro Triaca \u201ccerr\u00f3 las puertas al di\u00e1logo\u201d y por eso decidieron recurrir a la instancia internacional. \u201cPartimos de la irregularidad de que el ministro terceriza pero en esta instancia ni siquiera estamos reclamando eso, estamos pidiendo continuidad y el pago de los adeudado. Todos los trabajadores despedidos tienen m\u00e1s de seis a\u00f1os de antig\u00fcedad\u201d, inform\u00f3 Peralta.<\/p>\n<p>Para los denunciantes, estos \u201cgraves hechos que ocurrieron en la propia sede del Ministerio de Trabajo violentan los convenios 87, 98 y 135 ratificados por el Estado argentino\u201d, justamente los tratados que garantizan la libertad sindical. Como parte de la protesta, los trabajadores despedidos junto a integrantes de ATE y la CTA realizaron una olla popular frente a las puertas del Ministerio y de ah\u00ed se movilizar\u00e1n hasta la sede de la OIT, en C\u00f3rdoba al 900.<\/p>\n<h6>Fuente: P\u00e1gina 12<\/h6>\n","protected":false},"excerpt":{"rendered":"<p>La CTA Aut\u00f3noma recurri\u00f3 al organismo internacional ante el despido de 33 trabajadores de la cartera laboral. Son empleados tercerizados que fueron cesanteados por participar de protestas en reclamo del pago de sus salarios.<\/p>\n","protected":false},"author":2,"featured_media":63649,"comment_status":"closed","ping_status":"closed","sticky":false,"template":"","format":"standard","meta":{"footnotes":""},"categories":[8],"tags":[21],"class_list":["post-63648","post","type-post","status-publish","format-standard","has-post-thumbnail","hentry","category-informe-nacional","tag-argentina"],"_links":{"self":[{"href":"http:\/\/argentinamunicipal.com.ar\/argentina\/wp-json\/wp\/v2\/posts\/63648","targetHints":{"allow":["GET"]}}],"collection":[{"href":"http:\/\/argentinamunicipal.com.ar\/argentina\/wp-json\/wp\/v2\/posts"}],"about":[{"href":"http:\/\/argentinamunicipal.com.ar\/argentina\/wp-json\/wp\/v2\/types\/post"}],"author":[{"embeddable":true,"href":"http:\/\/argentinamunicipal.com.ar\/argentina\/wp-json\/wp\/v2\/users\/2"}],"replies":[{"embeddable":true,"href":"http:\/\/argentinamunicipal.com.ar\/argentina\/wp-json\/wp\/v2\/comments?post=63648"}],"version-history":[{"count":0,"href":"http:\/\/argentinamunicipal.com.ar\/argentina\/wp-json\/wp\/v2\/posts\/63648\/revisions"}],"wp:featuredmedia":[{"embeddable":true,"href":"http:\/\/argentinamunicipal.com.ar\/argentina\/wp-json\/wp\/v2\/media\/63649"}],"wp:attachment":[{"href":"http:\/\/argentinamunicipal.com.ar\/argentina\/wp-json\/wp\/v2\/media?parent=63648"}],"wp:term":[{"taxonomy":"category","embeddable":true,"href":"http:\/\/argentinamunicipal.com.ar\/argentina\/wp-json\/wp\/v2\/categories?post=63648"},{"taxonomy":"post_tag","embeddable":true,"href":"http:\/\/argentinamunicipal.com.ar\/argentina\/wp-json\/wp\/v2\/tags?post=63648"}],"curies":[{"name":"wp","href":"https:\/\/api.w.org\/{rel}","templated":true}]}}