{"id":63651,"date":"2017-06-02T07:17:28","date_gmt":"2017-06-02T10:17:28","guid":{"rendered":"http:\/\/argentinamunicipal.com.ar\/argentina\/?p=63651"},"modified":"2017-06-02T07:17:28","modified_gmt":"2017-06-02T10:17:28","slug":"cinco-premios-nobel-la-paz-disertaran-la-semana-proxima-rosario","status":"publish","type":"post","link":"http:\/\/argentinamunicipal.com.ar\/argentina\/cinco-premios-nobel-la-paz-disertaran-la-semana-proxima-rosario\/","title":{"rendered":"Cinco premios Nobel de la Paz disertar\u00e1n la semana pr\u00f3xima en Rosario"},"content":{"rendered":"<p>Del jueves al s\u00e1bado se realizar\u00e1 una actividad con referentes nacionales e internacionales. El cierre ser\u00e1 con un gran recital en el Monumento<\/p>\n<p>La semana pr\u00f3xima Rosario recibir\u00e1 una visita m\u00e1s que inusual: la de cinco premios Nobel de la Paz en simult\u00e1neo, quienes participar\u00e1n de una acci\u00f3n que a lo largo de tres d\u00edas incluir\u00e1 paneles y una convocatoria en el Monumento a la Bandera. La actividad reunir\u00e1 al argentino Adolfo P\u00e9rez Esquivel (galardonado en 1980), el polaco Lech Walesa (1983), el costarricense Oscar Arias S\u00e1nchez (1987), la guatemalteca Rigoberta Mench\u00fa Tum (1992) y la iran\u00ed Shirin Ebadi (2003), junto a otros referentes mundiales en la construcci\u00f3n de la paz y reconocidos exponentes del deporte, el arte y la cultura.<\/p>\n<p>La acci\u00f3n \u2014cuyo nombre, casi un lema, es \u00abVoy por la paz\u00bb\u2014 fue planificada en la VI Cumbre Mundial de Premios Nobel de la Paz realizada en febrero pasado en Bogot\u00e1 (Colombia) y comenzar\u00e1 el jueves pr\u00f3ximo, a las 19.30, con una gala en el Teatro Auditorio Fundaci\u00f3n (Mitre 754).<\/p>\n<p>Ser\u00e1 una funci\u00f3n especial, de entrada libre y gratuita, que protagonizar\u00e1 el Ballet Solidario de la Fundaci\u00f3n Julio Bocca y para la que habr\u00e1 que retirar ubicaci\u00f3n previamente porque la sala tiene una capacidad limitada (ver inscripciones en el sitio https:\/\/www.voyporlapaz.com).<\/p>\n<p>El viernes se llevar\u00e1 adelante el ciclo de conferencias a cargo de los cinco premios Nobel, que abordar\u00e1n tem\u00e1ticas como el trabajo y la democracia, la libertad de expresi\u00f3n o la corrupci\u00f3n.<\/p>\n<p>Todos los paneles se desarrollar\u00e1n en el sal\u00f3n Belgrano de la Bolsa de Comercio (Paraguay 777). La primera en hablar, a las 9, ser\u00e1 Mench\u00fa, sobre el tema \u00abEducaci\u00f3n para la paz\u00bb. P\u00e9rez Esquivel la seguir\u00e1, a las 11, con \u00abMemoria, paz y perd\u00f3n\u00bb.<\/p>\n<p>A las 14 ser\u00e1 el turno de Arias S\u00e1nchez con una conferencia titulada \u00abTransparencia, democracia y paz\u00bb, mientras que, a las 16, Shirin Ebadi hablar\u00e1 sobre \u00abEl rol de la mujer en la construcci\u00f3n de paz\u00bb.<\/p>\n<p>Culminando la jornada, a las 18, la m\u00edtica figura del sindicalista y ex presidente polaco Lech Walesa abordar\u00e1 la problem\u00e1tica de \u00abTrabajo, democracia y paz\u00bb.<\/p>\n<p>A esos cinco panelistas los acompa\u00f1ar\u00e1n como invitados otros referentes de diversos campos, tanto de Argentina como del extranjero, entre ellos el titular del Movimiento Evita, Emilio P\u00e9rsico; el neurocient\u00edfico y referente del PRO, Facundo Manes; la madre de Marita Ver\u00f3n, Susana Trimarco; el polit\u00f3logo Julio B\u00e1rbaro, y el director de Investigaciones Antropol\u00f3gicas de la Universidad Nacional de M\u00e9xico, Rafael P\u00e9rez Taylor, entre otros.<\/p>\n<p>Acreditaci\u00f3n<\/p>\n<p>Todo el evento ser\u00e1 de ingreso libre y gratuito, pero tambi\u00e9n requerir\u00e1 acreditaci\u00f3n previa por limitaci\u00f3n de cupo (inscripciones en http:\/\/nannini.com.ar\/acreditacion\/paz\/).<\/p>\n<p>El cierre de la gran convocatoria por la paz ser\u00e1 el s\u00e1bado, a las 15, con un festival de m\u00fasica y palabra en el Monumento a la Bandera, del que participar\u00e1n figuras tan convocantes como Le\u00f3n Gieco, Juan Carlos Baglietto, Jairo, Patricia Sosa, Peteco Carabajal, Hilda Lizarazu y Ra\u00fal Porchetto, entre otros destacados artistas. La direcci\u00f3n musical y la producci\u00f3n art\u00edstica del evento, adem\u00e1s, estar\u00e1 a cargo de Lito Vitale.<\/p>\n<p>En el evento, de entrada libre y gratuita, los premios Nobel de la paz compartir\u00e1n adem\u00e1s micr\u00f3fono con cantantes, deportistas y exponentes de las artes, la cultura, la ciencia y la educaci\u00f3n, con el objetivo de generar conciencia acerca de que la paz no es una construcci\u00f3n individual y restringida a dirigentes pol\u00edticos o activistas, sino una responsabilidad de todos.<\/p>\n<p>\u00abVoy por la paz\u00bb es una actividad organizada a nivel local por la Fundaci\u00f3n para la Democracia Internacional.<\/p>\n<h6>Fuente: La Capital Rosario<\/h6>\n","protected":false},"excerpt":{"rendered":"<p>Del jueves al s\u00e1bado se realizar\u00e1 una actividad con referentes nacionales e internacionales. El cierre ser\u00e1 con un gran recital en el Monumento<\/p>\n","protected":false},"author":2,"featured_media":63652,"comment_status":"closed","ping_status":"closed","sticky":false,"template":"","format":"standard","meta":{"footnotes":""},"categories":[2],"tags":[10],"class_list":["post-63651","post","type-post","status-publish","format-standard","has-post-thumbnail","hentry","category-informe-municipal","tag-santa-fe"],"_links":{"self":[{"href":"http:\/\/argentinamunicipal.com.ar\/argentina\/wp-json\/wp\/v2\/posts\/63651","targetHints":{"allow":["GET"]}}],"collection":[{"href":"http:\/\/argentinamunicipal.com.ar\/argentina\/wp-json\/wp\/v2\/posts"}],"about":[{"href":"http:\/\/argentinamunicipal.com.ar\/argentina\/wp-json\/wp\/v2\/types\/post"}],"author":[{"embeddable":true,"href":"http:\/\/argentinamunicipal.com.ar\/argentina\/wp-json\/wp\/v2\/users\/2"}],"replies":[{"embeddable":true,"href":"http:\/\/argentinamunicipal.com.ar\/argentina\/wp-json\/wp\/v2\/comments?post=63651"}],"version-history":[{"count":0,"href":"http:\/\/argentinamunicipal.com.ar\/argentina\/wp-json\/wp\/v2\/posts\/63651\/revisions"}],"wp:featuredmedia":[{"embeddable":true,"href":"http:\/\/argentinamunicipal.com.ar\/argentina\/wp-json\/wp\/v2\/media\/63652"}],"wp:attachment":[{"href":"http:\/\/argentinamunicipal.com.ar\/argentina\/wp-json\/wp\/v2\/media?parent=63651"}],"wp:term":[{"taxonomy":"category","embeddable":true,"href":"http:\/\/argentinamunicipal.com.ar\/argentina\/wp-json\/wp\/v2\/categories?post=63651"},{"taxonomy":"post_tag","embeddable":true,"href":"http:\/\/argentinamunicipal.com.ar\/argentina\/wp-json\/wp\/v2\/tags?post=63651"}],"curies":[{"name":"wp","href":"https:\/\/api.w.org\/{rel}","templated":true}]}}