{"id":63705,"date":"2017-06-05T06:53:01","date_gmt":"2017-06-05T09:53:01","guid":{"rendered":"http:\/\/argentinamunicipal.com.ar\/argentina\/?p=63705"},"modified":"2017-06-05T06:53:01","modified_gmt":"2017-06-05T09:53:01","slug":"massa-los-tienen-controlar-los-precios-no-lo-hacen-los-mismos-duenos-las-cadenas-supermercados","status":"publish","type":"post","link":"http:\/\/argentinamunicipal.com.ar\/argentina\/massa-los-tienen-controlar-los-precios-no-lo-hacen-los-mismos-duenos-las-cadenas-supermercados\/","title":{"rendered":"Massa: \u201cLos que tienen que controlar los precios no lo hacen, porque son los mismos due\u00f1os de las cadenas de supermercados\u201d"},"content":{"rendered":"<p>El candidato por la alianza \u201cPais\u201d se mostr\u00f3 en un acto de la UOCRA en Florencio Varela, en un claro gui\u00f1o del gremio para con su fuerza. All\u00ed centraliz\u00f3 su discurso sobre la necesidad de regular algunos alimentos a trav\u00e9s de su propuesta \u201cBajemos los precios\u201d.<\/p>\n<p>El diputado nacional estuvo en Florencio Varela en un acto de la UOCRA, junto al concejal Juan Olmedo \u2013Secretario general del gremio- hablando principalmente de su proyecto de campa\u00f1a \u201cBajemos los precios\u201d, que apunta a buscar congelar los precios de principales alimentos de la canasta b\u00e1sica.<\/p>\n<p>A pesar de que el marco ten\u00eda color electoral, el candidato por \u201c1Pa\u00eds\u201d \u2013la alianza creada junto al espacio que conduce Margarita Stolbizer- manifest\u00f3 que \u00abnosotros hoy estamos afuera de la campa\u00f1a electoral\u201d.<\/p>\n<p>\u201cNo estamos planteando candidaturas ni listas, estamos planteando ideas. Por eso invitamos a los varelenses, a los bonaerenses y a todos los argentinos, a que nos acompa\u00f1en en una pelea que es la verdadera pelea de este momento, que es la pelea por el bolsillo\u201d, expres\u00f3 Massa.<\/p>\n<p>El referente se\u00f1al\u00f3 all\u00ed que \u201ces una verg\u00fcenza\u201d que los alimentos principales que se consiguen en los supermercados del pa\u00eds, como aceite, fideos o leche, \u201cse paguen m\u00e1s caros que en Par\u00eds o en Madrid\u201d.<\/p>\n<p>\u201cEsta pelea es la de bajar los precios de la comida en once productos de la canasta b\u00e1sica, la de los medicamentos, la de las tarifas\u201d, abri\u00f3 as\u00ed Massa su discurso. \u201cEs una verg\u00fcenza que hayan aumentado un 100 por 100 las tarifas de las empresas de luz, y que hayan aumentado un 100 por 100 los impuestos que vienen con la boleta de luz\u201d, continu\u00f3.<\/p>\n<p>El candidato invit\u00f3 a la gente a que observe en los paquetes de fideos, as\u00ed como en las boletas de luz, que casi un 30% de su valor \u201cson de impuestos\u201d, relacionando la complicidad de los sectores empresariales y formadores de precios.<\/p>\n<p>\u201cVemos que aumentan todas los precios, todas las tarifas, y los que tienen que controlar no lo hacen, porque son los mismos due\u00f1os de las cadenas de supermercados\u201d, expres\u00f3 Massa, para luego afirmar que \u201cno tenemos que pelear por los cargos, ni por el poder. Tenemos que pelear por el presente\u201d.<\/p>\n<h6>Fuente: InfoCielo<\/h6>\n","protected":false},"excerpt":{"rendered":"<p>El candidato por la alianza \u201cPais\u201d se mostr\u00f3 en un acto de la UOCRA en Florencio Varela, en un claro gui\u00f1o del gremio para con su fuerza. All\u00ed centraliz\u00f3 su discurso sobre la necesidad de regular algunos alimentos a trav\u00e9s de su propuesta \u201cBajemos los precios\u201d.<\/p>\n","protected":false},"author":2,"featured_media":63706,"comment_status":"closed","ping_status":"closed","sticky":false,"template":"","format":"standard","meta":{"footnotes":""},"categories":[8],"tags":[21],"class_list":["post-63705","post","type-post","status-publish","format-standard","has-post-thumbnail","hentry","category-informe-nacional","tag-argentina"],"_links":{"self":[{"href":"http:\/\/argentinamunicipal.com.ar\/argentina\/wp-json\/wp\/v2\/posts\/63705","targetHints":{"allow":["GET"]}}],"collection":[{"href":"http:\/\/argentinamunicipal.com.ar\/argentina\/wp-json\/wp\/v2\/posts"}],"about":[{"href":"http:\/\/argentinamunicipal.com.ar\/argentina\/wp-json\/wp\/v2\/types\/post"}],"author":[{"embeddable":true,"href":"http:\/\/argentinamunicipal.com.ar\/argentina\/wp-json\/wp\/v2\/users\/2"}],"replies":[{"embeddable":true,"href":"http:\/\/argentinamunicipal.com.ar\/argentina\/wp-json\/wp\/v2\/comments?post=63705"}],"version-history":[{"count":0,"href":"http:\/\/argentinamunicipal.com.ar\/argentina\/wp-json\/wp\/v2\/posts\/63705\/revisions"}],"wp:featuredmedia":[{"embeddable":true,"href":"http:\/\/argentinamunicipal.com.ar\/argentina\/wp-json\/wp\/v2\/media\/63706"}],"wp:attachment":[{"href":"http:\/\/argentinamunicipal.com.ar\/argentina\/wp-json\/wp\/v2\/media?parent=63705"}],"wp:term":[{"taxonomy":"category","embeddable":true,"href":"http:\/\/argentinamunicipal.com.ar\/argentina\/wp-json\/wp\/v2\/categories?post=63705"},{"taxonomy":"post_tag","embeddable":true,"href":"http:\/\/argentinamunicipal.com.ar\/argentina\/wp-json\/wp\/v2\/tags?post=63705"}],"curies":[{"name":"wp","href":"https:\/\/api.w.org\/{rel}","templated":true}]}}