{"id":63760,"date":"2017-06-06T07:10:29","date_gmt":"2017-06-06T10:10:29","guid":{"rendered":"http:\/\/argentinamunicipal.com.ar\/argentina\/?p=63760"},"modified":"2017-06-06T07:10:29","modified_gmt":"2017-06-06T10:10:29","slug":"drama-del-desempleo-los-ingresos-triaca-convoco-al-consejo-del-salario","status":"publish","type":"post","link":"http:\/\/argentinamunicipal.com.ar\/argentina\/drama-del-desempleo-los-ingresos-triaca-convoco-al-consejo-del-salario\/","title":{"rendered":"El drama del desempleo y los ingresos: Triaca convoc\u00f3 al Consejo del Salario"},"content":{"rendered":"<p>En el encuentro, el pr\u00f3ximo 27 de junio, se fijar\u00e1 el nuevo Salario M\u00ednimo, Vital y M\u00f3vil y los montos del seguro por desempleo. Los gremios proponen que el M\u00ednimo se eleve a $ 22.000.<\/p>\n<p>E ministro de Trabajo convoc\u00f3 al Consejo del Salario para el pr\u00f3ximo 27 de junio a las 16, en la que se tendr\u00e1 que definir el nuevo Salario M\u00ednimo, Vital y M\u00f3vil y los montos del seguro por desempleo. Jorge Triaca propone llevar s\u00f3lo a $\u00a09.500 el M\u00ednimo pero los gremios sostienen que no se cubre la canasta b\u00e1sica.<\/p>\n<p>Seg\u00fan la resoluci\u00f3n 1\/2017 publicada en el Bolet\u00edn Oficial, se fijar\u00e1 el Salario M\u00ednimo Vital y M\u00f3vil y determinar los montos m\u00ednimo y m\u00e1ximo de la prestaci\u00f3n por desempleo.<\/p>\n<p>&nbsp;<\/p>\n<p>El SMVyM actual se fij\u00f3 en mayo del a\u00f1o pasado con la siguiente evoluci\u00f3n: el primero de junio se actualiz\u00f3 de $ 6.060 a $ 6.810; mientras que en septiembre pas\u00f3 a ser de $ 7.560 para terminar en enero de este a\u00f1o en $ 8.060, que es el valor actual. Si se actualizara con un 20%, el SMVyM ser\u00e1 de $ 9.672.<\/p>\n<p>Los gremios proponen que se aumente el M\u00ednomo a \u00a0$ 22.000. Pero el Gobierno busca que quede en torno a los $ 9.500.<\/p>\n<p>Con el aumento del desempleo, el Seguro de $ 3.000, qued\u00f3 dram\u00e1ticamente fuera de la realidad del consumo y las necesidades b\u00e1sicas por lo que tambi\u00e9n se espera una l\u00f3gica actualizaci\u00f3n.<\/p>\n<p><strong>Deterioro de poder de compra<\/strong><br \/>\nDurante 2016 el ajuste de Cambiemos implic\u00f3 una ca\u00edda del poder de compra del salario de los trabajadores registrados en\u00a0\u00a0m\u00e1s del 6 % promedio. La inflaci\u00f3n se aproxim\u00f3 al 41 % mientras los salarios aumentaron 35 %. Si se tiene en cuenta que s\u00f3lo algunos gremios lograron pasar la barrera del 19% de aumento en el 2017 en varias cuotas, es a\u00fan mayor el deterioro del poder de compra de los asalariados.<\/p>\n<p>Recordemos que la Universidad Cat\u00f3lica Argentina (UCA) indic\u00f3 que existen 1,5 mill\u00f3n de nuevos pobres y los 600 mil indigentes m\u00e1s desde la asunci\u00f3n del macrismo.<\/p>\n<p>El Centro de Investigaci\u00f3n y Formaci\u00f3n de la Rep\u00fablica Argentina (CIFRA) de la CTA\u00a0se\u00f1al\u00f3 que desde la asunci\u00f3n del macrismo el se registra un aumento de la desocupaci\u00f3n, el deterioro del salario real, y la reducci\u00f3n del peso de los empleos asalariados registrados, aumentando los no asalariados como los cuenta propistas, que tienen menor estabilidad laboral.<\/p>\n<p>La Direcci\u00f3n General de Estad\u00edstica y Censos de la Ciudad de Buenos Aires que continu\u00f3 con las mediciones da cuenta del aumento de la desocupaci\u00f3n durante el macrismo. La tasa de desocupaci\u00f3n en 2015 registr\u00f3 en promedio un 7,8 % y en 2016 subi\u00f3 a 9,2 %.<\/p>\n<p>Adem\u00e1s, del aumento de la desocupaci\u00f3n, subi\u00f3 la subocupaci\u00f3n, es decir, la proporci\u00f3n de personas que trabajan menos de 35 horas semanales por causas involuntarias y est\u00e1n dispuestas a trabajar m\u00e1s horas. En 2015, en promedio, fue de 8,4 % sobre la PEA y en 2016, 10,6 %.<\/p>\n<p><strong>Triaca y el desempleo<\/strong><br \/>\nLejos de las cifras reales de desempleo, afirm\u00f3 Triaca que \u00abseguimos creciendo hace 9 meses seguidos en empleo neto en la Argentina en el sector privado\u00bb aunque admiti\u00f3 que \u00aba no todos les llega el crecimiento de la misma manera y como estado tenemos que hacer que sea una oportunidad de desarrollo para todos\u00bb.<\/p>\n<p>Las p\u00e9rdidas de trabajo registrado tuvieron un marcado n\u00famero durante abril de este a\u00f1o hubo 39 mil despidos y casi 10 mil suspensiones. Los datos surgen de un trabajo de la consultora Tendencias Econ\u00f3micas.<\/p>\n<p>Las actividades textil y automotriz fueron donde m\u00e1s se perdieron ios empleos.Las principales cadenas de supermercados, por su parte, tambi\u00e9n comenzaron a suspender trabajadores y analizan cerrar locales ante la ca\u00edda en las ventas.<\/p>\n<h6>Fuente: InfoNews<\/h6>\n","protected":false},"excerpt":{"rendered":"<p>En el encuentro, el pr\u00f3ximo 27 de junio, se fijar\u00e1 el nuevo Salario M\u00ednimo, Vital y M\u00f3vil y los montos del seguro por desempleo. Los gremios proponen que el M\u00ednimo se eleve a $ 22.000. <\/p>\n","protected":false},"author":2,"featured_media":63762,"comment_status":"closed","ping_status":"closed","sticky":false,"template":"","format":"standard","meta":{"footnotes":""},"categories":[8],"tags":[21],"class_list":["post-63760","post","type-post","status-publish","format-standard","has-post-thumbnail","hentry","category-informe-nacional","tag-argentina"],"_links":{"self":[{"href":"http:\/\/argentinamunicipal.com.ar\/argentina\/wp-json\/wp\/v2\/posts\/63760","targetHints":{"allow":["GET"]}}],"collection":[{"href":"http:\/\/argentinamunicipal.com.ar\/argentina\/wp-json\/wp\/v2\/posts"}],"about":[{"href":"http:\/\/argentinamunicipal.com.ar\/argentina\/wp-json\/wp\/v2\/types\/post"}],"author":[{"embeddable":true,"href":"http:\/\/argentinamunicipal.com.ar\/argentina\/wp-json\/wp\/v2\/users\/2"}],"replies":[{"embeddable":true,"href":"http:\/\/argentinamunicipal.com.ar\/argentina\/wp-json\/wp\/v2\/comments?post=63760"}],"version-history":[{"count":0,"href":"http:\/\/argentinamunicipal.com.ar\/argentina\/wp-json\/wp\/v2\/posts\/63760\/revisions"}],"wp:featuredmedia":[{"embeddable":true,"href":"http:\/\/argentinamunicipal.com.ar\/argentina\/wp-json\/wp\/v2\/media\/63762"}],"wp:attachment":[{"href":"http:\/\/argentinamunicipal.com.ar\/argentina\/wp-json\/wp\/v2\/media?parent=63760"}],"wp:term":[{"taxonomy":"category","embeddable":true,"href":"http:\/\/argentinamunicipal.com.ar\/argentina\/wp-json\/wp\/v2\/categories?post=63760"},{"taxonomy":"post_tag","embeddable":true,"href":"http:\/\/argentinamunicipal.com.ar\/argentina\/wp-json\/wp\/v2\/tags?post=63760"}],"curies":[{"name":"wp","href":"https:\/\/api.w.org\/{rel}","templated":true}]}}