{"id":63785,"date":"2017-06-06T07:50:27","date_gmt":"2017-06-06T10:50:27","guid":{"rendered":"http:\/\/argentinamunicipal.com.ar\/argentina\/?p=63785"},"modified":"2017-06-06T07:50:27","modified_gmt":"2017-06-06T10:50:27","slug":"seis-millones-personas-padecen-hambre-argentina","status":"publish","type":"post","link":"http:\/\/argentinamunicipal.com.ar\/argentina\/seis-millones-personas-padecen-hambre-argentina\/","title":{"rendered":"Seis millones de personas padecen hambre en Argentina"},"content":{"rendered":"<p>La UCA difundir\u00e1 nuevas cifras alarmantes sobre la pobreza estructural en la Argentina. Advierten que no cede la pobreza estructural en Argentina<\/p>\n<p>La UCA difundir\u00e1 nuevas cifras alarmantes sobre la pobreza estructural en la Argentina. En base a siete indicadores, el Observatorio de la Deuda Social Argentina (ODSA) mide la situaci\u00f3n de la poblaci\u00f3n y lo que marcar\u00e1 es que ocho millones de personas que no tienen acceso a por lo menos tres de las siete dimensiones de derechos desde los \u00faltimos 15 a\u00f1os.<\/p>\n<p>Esos indicadores son: la seguridad alimentaria, cobertura de salud, servicios b\u00e1sicos como conexi\u00f3n a la red de agua corriente, vivienda digna, recursos educativos, afiliaci\u00f3n al sistema de seguridad social, y acceso a las comunicaciones y a la informaci\u00f3n.<\/p>\n<p>El diario La Naci\u00f3n anticip\u00f3 que lo que reflejar\u00e1 el ODSA es que la pobreza estructural no cede. Los n\u00fameros que se conocer\u00e1n en breve sobre 2016 son comparables a los de 2014. En 2015 se vio una mejora, pero desde la UCA lo atribuyen a que fue un a\u00f1o electoral. El informe reflejar\u00e1 una mejora de los ingresos, pero un empeoramiento de las condiciones estructurales.<\/p>\n<p>\u00abAl estar afectados en tres o m\u00e1s dimensiones, es dif\u00edcil que estos ocho millones de habitantes de la Argentina salgan de esta situaci\u00f3n de pobreza. Por mucho que se les asignen programas sociales, no se resuelven sus problemas de calidad de vida\u00bb, dijo al matutino Agust\u00edn Salvia, investigador responsable del ODSA.<\/p>\n<p>Y agreg\u00f3: \u00abHay diferentes metodolog\u00edas para medir esta pobreza estructural, no s\u00f3lo el m\u00e9todo del observatorio. No afirmamos que hay que medir con nuestro m\u00e9todo, pero s\u00ed que necesitamos que haya un debate a nivel nacional y acuerdos acad\u00e9micos e institucionales para definir qu\u00e9 es la pobreza en sus diferentes dimensiones, y a partir de ah\u00ed fijar metas medibles para bajarla a trav\u00e9s de pol\u00edticas que mejoren la calidad de vida de quienes la padecen\u00bb.<\/p>\n<p>Respecto a lo que ocurri\u00f3 en 2015, Salvia explic\u00f3 que \u00aben t\u00e9rminos econ\u00f3micos fue mejor, seguramente porque fue un a\u00f1o electoral\u00bb. \u00abEl Estado puso mucho dinero en circulaci\u00f3n a trav\u00e9s de programas sociales. Hubo una inyecci\u00f3n de dinero, es cierto, pero la pregunta es si eso es sostenible. El 2015 fue mejor entonces, a mi juicio, de manera ficticia, v\u00eda emisi\u00f3n o gasto p\u00fablico insostenible. Todav\u00eda estamos viendo si este gobierno va a lograr una mejora de la pobreza de manera sostenible\u00bb, se\u00f1al\u00f3.<\/p>\n<p>En marzo, el ODSA difundi\u00f3 sus mediciones de pobreza que marcaron que en 2016 cayeron en esa situaci\u00f3n 1,5 millones de personas hasta el tercer trimestre. En los \u00faltimos tres meses del a\u00f1o la situaci\u00f3n mejor\u00f3 producto de menor inflaci\u00f3n, aumentos en las jubilaciones y asignaciones familiares y AUH, el cobro del aguinaldo, y un leve repunte del empleo. Sin embargo, Salvia advierte que en la primera parte de 2017 volvi\u00f3 a subir levemente la pobreza porque se reactiva la inflaci\u00f3n.<\/p>\n<p>En materia de inseguridad alimentaria, la UCA advirti\u00f3 que 6 millones de personas padecen hambre. \u00abUno de cada 10 hogares no tiene los recursos para alimentar a toda su familia\u00bb, sostuvo Salvia.<\/p>\n<p>Sin embargo, agreg\u00f3 que \u00abel hecho de que la gente sienta hambre no quiere decir que no cubra esa necesidad de alguna manera, a trav\u00e9s de comedores, por ejemplo, o de la Iglesia\u00bb.<\/p>\n<h6>Fuente: Uno Mendoza<\/h6>\n","protected":false},"excerpt":{"rendered":"<p>La UCA difundir\u00e1 nuevas cifras alarmantes sobre la pobreza estructural en la Argentina. Advierten que no cede la pobreza estructural en Argentina<\/p>\n","protected":false},"author":2,"featured_media":63786,"comment_status":"closed","ping_status":"closed","sticky":false,"template":"","format":"standard","meta":{"footnotes":""},"categories":[8],"tags":[21],"class_list":["post-63785","post","type-post","status-publish","format-standard","has-post-thumbnail","hentry","category-informe-nacional","tag-argentina"],"_links":{"self":[{"href":"http:\/\/argentinamunicipal.com.ar\/argentina\/wp-json\/wp\/v2\/posts\/63785","targetHints":{"allow":["GET"]}}],"collection":[{"href":"http:\/\/argentinamunicipal.com.ar\/argentina\/wp-json\/wp\/v2\/posts"}],"about":[{"href":"http:\/\/argentinamunicipal.com.ar\/argentina\/wp-json\/wp\/v2\/types\/post"}],"author":[{"embeddable":true,"href":"http:\/\/argentinamunicipal.com.ar\/argentina\/wp-json\/wp\/v2\/users\/2"}],"replies":[{"embeddable":true,"href":"http:\/\/argentinamunicipal.com.ar\/argentina\/wp-json\/wp\/v2\/comments?post=63785"}],"version-history":[{"count":0,"href":"http:\/\/argentinamunicipal.com.ar\/argentina\/wp-json\/wp\/v2\/posts\/63785\/revisions"}],"wp:featuredmedia":[{"embeddable":true,"href":"http:\/\/argentinamunicipal.com.ar\/argentina\/wp-json\/wp\/v2\/media\/63786"}],"wp:attachment":[{"href":"http:\/\/argentinamunicipal.com.ar\/argentina\/wp-json\/wp\/v2\/media?parent=63785"}],"wp:term":[{"taxonomy":"category","embeddable":true,"href":"http:\/\/argentinamunicipal.com.ar\/argentina\/wp-json\/wp\/v2\/categories?post=63785"},{"taxonomy":"post_tag","embeddable":true,"href":"http:\/\/argentinamunicipal.com.ar\/argentina\/wp-json\/wp\/v2\/tags?post=63785"}],"curies":[{"name":"wp","href":"https:\/\/api.w.org\/{rel}","templated":true}]}}