{"id":63810,"date":"2017-06-06T08:25:48","date_gmt":"2017-06-06T11:25:48","guid":{"rendered":"http:\/\/argentinamunicipal.com.ar\/argentina\/?p=63810"},"modified":"2017-06-06T08:25:48","modified_gmt":"2017-06-06T11:25:48","slug":"gobierno-recorto-la-ayuda-los-jovenes-desocupados","status":"publish","type":"post","link":"http:\/\/argentinamunicipal.com.ar\/argentina\/gobierno-recorto-la-ayuda-los-jovenes-desocupados\/","title":{"rendered":"El Gobierno recort\u00f3 la ayuda a los j\u00f3venes desocupados"},"content":{"rendered":"<p>Un informe privado indica que el 23,8% de los j\u00f3venes no tiene empleo y que quienes s\u00ed tienen, est\u00e1n en situaci\u00f3n precaria. El ajuste de Macri a las pol\u00edticas p\u00fablicas.<\/p>\n<p>La tasa de desocupaci\u00f3n juvenil en nuestro pa\u00eds es muy alta y triplica a la tasa de desempleo general. Adem\u00e1s, uno de cada dos j\u00f3venes que consigue trabajo, lo hace en condiciones precarias, seg\u00fan un estudio que acaba de ver la luz. En ese marco, el gobierno de Cambiemos tom\u00f3 medidas: recort\u00f3 las pol\u00edticas dirigidas a la formaci\u00f3n de ese grupo poblacional.<\/p>\n<p>Seg\u00fan datos de la consultora Atenea, la Argentina tiene una tasa de desocupaci\u00f3n juvenil del 23,8% que adem\u00e1s triplica a la del desempleo general (8,5%). Asimismo, el 40% de los desempleados del pa\u00eds son j\u00f3venes.<\/p>\n<p>Seg\u00fan el indicador de precariedad juvenil que desarroll\u00f3 la consultora, uno de cada dos asalariados tiene un trabajo precario. Esto significa que casi la mitad de los asalariados j\u00f3venes no tiene acceso a vacaciones pagas, ni aguinaldo, ni licencias por enfermedad, ni obra social, ni aportes jubilatorios.<\/p>\n<p>Al respecto, Dami\u00e1n Ledesma, Director General de Atenea, explic\u00f3: \u201cLos problemas laborales en los j\u00f3venes es un fen\u00f3meno que viene in crescendo en los \u00faltimos a\u00f1os. Vemos con preocupaci\u00f3n que el Estado publicite que todos los j\u00f3venes pueden ser emprendedores y no crea nuevos instrumentos que reviertan la precariedad y la falta de oportunidades\u201d.<\/p>\n<p>Al respecto, es destacable que las pol\u00edticas p\u00fablicas nacionales m\u00e1s importantes dirigidas a la formaci\u00f3n profesional y laboral de esta poblaci\u00f3n objetiva sufrieron fuertes recortes presupuestarios por parte del gobierno de Mauricio Macri.<\/p>\n<p>Al respecto, el programa J\u00f3venes con M\u00e1s y Mejor Trabajo, creado en el 2008 para brindar formaci\u00f3n y ayuda econ\u00f3mica, redujo sus partidas en un 14% en 2017 (tomando la inflaci\u00f3n estimada por el BC). El PROGRESAR, creado en el 2014, sufri\u00f3 un ajuste del 47% y adem\u00e1s, baj\u00f3 su meta f\u00edsica a la mitad: de casi un mill\u00f3n de j\u00f3venes alcanzados en 2016, descendi\u00f3 a 500 mil.<\/p>\n<p>Otro dato preocupante: entre diciembre de 2015 y febrero de 2017, se perdieron alrededor de 37.000 puestos de trabajo formal en el sector privado y en el mismo per\u00edodo hay una suba de alrededor de 86.000 monotributistas . Si esta tendencia se profundiza, seguir\u00e1n siendo los j\u00f3venes los principales afectados, indica el informe.<\/p>\n<h6>Fuente: InfoNews<\/h6>\n","protected":false},"excerpt":{"rendered":"<p>Un informe privado indica que el 23,8% de los j\u00f3venes no tiene empleo y que quienes s\u00ed tienen, est\u00e1n en situaci\u00f3n precaria. El ajuste de Macri a las pol\u00edticas p\u00fablicas.<\/p>\n","protected":false},"author":2,"featured_media":63811,"comment_status":"closed","ping_status":"closed","sticky":false,"template":"","format":"standard","meta":{"footnotes":""},"categories":[8],"tags":[21],"class_list":["post-63810","post","type-post","status-publish","format-standard","has-post-thumbnail","hentry","category-informe-nacional","tag-argentina"],"_links":{"self":[{"href":"http:\/\/argentinamunicipal.com.ar\/argentina\/wp-json\/wp\/v2\/posts\/63810","targetHints":{"allow":["GET"]}}],"collection":[{"href":"http:\/\/argentinamunicipal.com.ar\/argentina\/wp-json\/wp\/v2\/posts"}],"about":[{"href":"http:\/\/argentinamunicipal.com.ar\/argentina\/wp-json\/wp\/v2\/types\/post"}],"author":[{"embeddable":true,"href":"http:\/\/argentinamunicipal.com.ar\/argentina\/wp-json\/wp\/v2\/users\/2"}],"replies":[{"embeddable":true,"href":"http:\/\/argentinamunicipal.com.ar\/argentina\/wp-json\/wp\/v2\/comments?post=63810"}],"version-history":[{"count":0,"href":"http:\/\/argentinamunicipal.com.ar\/argentina\/wp-json\/wp\/v2\/posts\/63810\/revisions"}],"wp:featuredmedia":[{"embeddable":true,"href":"http:\/\/argentinamunicipal.com.ar\/argentina\/wp-json\/wp\/v2\/media\/63811"}],"wp:attachment":[{"href":"http:\/\/argentinamunicipal.com.ar\/argentina\/wp-json\/wp\/v2\/media?parent=63810"}],"wp:term":[{"taxonomy":"category","embeddable":true,"href":"http:\/\/argentinamunicipal.com.ar\/argentina\/wp-json\/wp\/v2\/categories?post=63810"},{"taxonomy":"post_tag","embeddable":true,"href":"http:\/\/argentinamunicipal.com.ar\/argentina\/wp-json\/wp\/v2\/tags?post=63810"}],"curies":[{"name":"wp","href":"https:\/\/api.w.org\/{rel}","templated":true}]}}