{"id":63835,"date":"2017-06-07T07:23:15","date_gmt":"2017-06-07T10:23:15","guid":{"rendered":"http:\/\/argentinamunicipal.com.ar\/argentina\/?p=63835"},"modified":"2017-06-07T07:23:15","modified_gmt":"2017-06-07T10:23:15","slug":"se-derrumban-las-ventas-los-super-la-peor-caida-fue-comercios-precios-bajos","status":"publish","type":"post","link":"http:\/\/argentinamunicipal.com.ar\/argentina\/se-derrumban-las-ventas-los-super-la-peor-caida-fue-comercios-precios-bajos\/","title":{"rendered":"Se derrumban las ventas en los s\u00faper: la peor ca\u00edda fue en comercios de precios bajos"},"content":{"rendered":"<p>Los n\u00fameros de la recesi\u00f3n se confirman con cada mes. Tambi\u00e9n hubo disminuci\u00f3n de ingresos en restaurantes y telefon\u00eda m\u00f3vil.<\/p>\n<p>La recesi\u00f3n no parece tener freno y los supermercados son el term\u00f3metro claro de c\u00f3mo se sigue derrumbando el consumo: el primer trimestre de 2017 registr\u00f3 una ca\u00edda del 15,7 por ciento, con una fuerte disminuci\u00f3n de ventas en cadenas con precios m\u00e1s accesibles.<\/p>\n<p>Seg\u00fan un informe de la Direcci\u00f3n General de Estad\u00edstica y Censo del gobierno porte\u00f1o, asimismo, entre octubre y diciembre de 2016 las ventas de alimentos en supermercados experimentaron una ca\u00edda del 6,1% contra igual per\u00edodo del 2015.<\/p>\n<p>Este a\u00f1o, en tanto, la venta de alimentos registr\u00f3 una ligera suba del 0,3% en la comparaci\u00f3n interanual.<\/p>\n<p>Los datos surgieron de los resultados de los indicadores de ventas basados en informaci\u00f3n fiscal correspondientes al primer trimestre de 2017.<\/p>\n<p>Los restaurantes tambi\u00e9n registraron una ca\u00edda, que entre enero y marzo de este a\u00f1o fue del 1,8% ante el mismo per\u00edodo de 2016.<\/p>\n<p>Asimismo, los locales de comidas r\u00e1pidas, que suelen ser m\u00e1s econ\u00f3micos, se verific\u00f3 un repunte del 5,5%, luego de tres trimestres de bajas.<\/p>\n<p>Tambi\u00e9n hubo una fuerte ca\u00edda en el rubro telefon\u00eda m\u00f3vil, donde las ventas experimentaron una baja del 2,2% en la medici\u00f3n interanual del primer trimestre, mientras que en jugueter\u00edas hubo un incremento del 4,3%.<\/p>\n<h6>Fuetne: InfoNews<\/h6>\n","protected":false},"excerpt":{"rendered":"<p>Los n\u00fameros de la recesi\u00f3n se confirman con cada mes. Tambi\u00e9n hubo disminuci\u00f3n de ingresos en restaurantes y telefon\u00eda m\u00f3vil.<\/p>\n","protected":false},"author":2,"featured_media":63836,"comment_status":"closed","ping_status":"closed","sticky":false,"template":"","format":"standard","meta":{"footnotes":""},"categories":[8],"tags":[21],"class_list":["post-63835","post","type-post","status-publish","format-standard","has-post-thumbnail","hentry","category-informe-nacional","tag-argentina"],"_links":{"self":[{"href":"http:\/\/argentinamunicipal.com.ar\/argentina\/wp-json\/wp\/v2\/posts\/63835","targetHints":{"allow":["GET"]}}],"collection":[{"href":"http:\/\/argentinamunicipal.com.ar\/argentina\/wp-json\/wp\/v2\/posts"}],"about":[{"href":"http:\/\/argentinamunicipal.com.ar\/argentina\/wp-json\/wp\/v2\/types\/post"}],"author":[{"embeddable":true,"href":"http:\/\/argentinamunicipal.com.ar\/argentina\/wp-json\/wp\/v2\/users\/2"}],"replies":[{"embeddable":true,"href":"http:\/\/argentinamunicipal.com.ar\/argentina\/wp-json\/wp\/v2\/comments?post=63835"}],"version-history":[{"count":0,"href":"http:\/\/argentinamunicipal.com.ar\/argentina\/wp-json\/wp\/v2\/posts\/63835\/revisions"}],"wp:featuredmedia":[{"embeddable":true,"href":"http:\/\/argentinamunicipal.com.ar\/argentina\/wp-json\/wp\/v2\/media\/63836"}],"wp:attachment":[{"href":"http:\/\/argentinamunicipal.com.ar\/argentina\/wp-json\/wp\/v2\/media?parent=63835"}],"wp:term":[{"taxonomy":"category","embeddable":true,"href":"http:\/\/argentinamunicipal.com.ar\/argentina\/wp-json\/wp\/v2\/categories?post=63835"},{"taxonomy":"post_tag","embeddable":true,"href":"http:\/\/argentinamunicipal.com.ar\/argentina\/wp-json\/wp\/v2\/tags?post=63835"}],"curies":[{"name":"wp","href":"https:\/\/api.w.org\/{rel}","templated":true}]}}