{"id":63870,"date":"2017-06-07T05:13:54","date_gmt":"2017-06-07T08:13:54","guid":{"rendered":"http:\/\/argentinamunicipal.com.ar\/argentina\/?p=63870"},"modified":"2017-06-07T08:16:35","modified_gmt":"2017-06-07T11:16:35","slug":"la-industria-del-cuero-curtida","status":"publish","type":"post","link":"http:\/\/argentinamunicipal.com.ar\/argentina\/la-industria-del-cuero-curtida\/","title":{"rendered":"La industria del cuero, curtida"},"content":{"rendered":"<p>Las importaciones de manufacturas del cuero aumentaron un 42 por ciento en los cinco primeros meses en relaci\u00f3n al mismo per\u00edodo del a\u00f1o pasado, advirti\u00f3 la c\u00e1mara que agrupa a las empresas del sector. \u201cDurante el per\u00edodo enero-mayo de 2017 ingresaron 16.085.588 productos de marroquiner\u00eda, lo que significa un aumento del orden del 42 en unidades, comparado con los 11.329.404 unidades ingresadas en igual periodo de 2016\u201d, detalla el informe de la C\u00e1mara Industrial de las Manufacturas del Cuero y Afines (CIMA). Adem\u00e1s, aument\u00f3 la cantidad de empresas importadoras, hubo cierre de f\u00e1bricas y se perdieron mil puestos de trabajo.<\/p>\n<p>\u201cEl esfuerzo que hacen las f\u00e1bricas para sostener al personal es muy grande. Pedimos al Gobierno la posibilidad de obtener Repros para paliar la situaci\u00f3n en este contexto de emergencia, aunque todav\u00eda no hemos tenido respuesta. Los Repro son una herramienta del Estado para que el empresario intente, por todos los medios, sostener al personal. Necesitamos que el Estado le d\u00e9 una mano al sector para mantener los puestos de trabajo. El sector de las manufacturas del cuero y afines es uno de los m\u00e1s afectados por la crisis\u201d, dijo el presidente de la c\u00e1mara, Ariel Aguilar.<\/p>\n<p>En el per\u00edodo enero-mayo, el promedio en la ca\u00edda de la producci\u00f3n del sector es del orden del 25 al 30 por ciento, mientras que la contracci\u00f3n del consumo en los locales comerciales que venden los productos de marroquiner\u00eda asciende al 30 por ciento. En ese contexto, las importaciones subieron un 42 por ciento en lo que va del a\u00f1o y las empresas importadoras pasaron de 406 en 2015 a 695 en cinco meses del 2017.<\/p>\n<p>Mientras se anotan sociedades para adquirir manufacturas del cuero del exterior, cerraron m\u00e1s de 50 f\u00e1bricas del sector en el pa\u00eds y el sindicato advierte que se perdieron m\u00e1s de mil puestos de trabajo.<\/p>\n<h6>Fuente: P\u00e1gina 12<\/h6>\n","protected":false},"excerpt":{"rendered":"<p>Las importaciones de manufacturas del cuero aumentaron un 42 por ciento en los cinco primeros meses en relaci\u00f3n al mismo per\u00edodo del a\u00f1o pasado, advirti\u00f3 la c\u00e1mara que agrupa a las empresas del sector.<\/p>\n","protected":false},"author":2,"featured_media":63871,"comment_status":"closed","ping_status":"closed","sticky":false,"template":"","format":"standard","meta":{"footnotes":""},"categories":[8],"tags":[21],"class_list":["post-63870","post","type-post","status-publish","format-standard","has-post-thumbnail","hentry","category-informe-nacional","tag-argentina"],"_links":{"self":[{"href":"http:\/\/argentinamunicipal.com.ar\/argentina\/wp-json\/wp\/v2\/posts\/63870","targetHints":{"allow":["GET"]}}],"collection":[{"href":"http:\/\/argentinamunicipal.com.ar\/argentina\/wp-json\/wp\/v2\/posts"}],"about":[{"href":"http:\/\/argentinamunicipal.com.ar\/argentina\/wp-json\/wp\/v2\/types\/post"}],"author":[{"embeddable":true,"href":"http:\/\/argentinamunicipal.com.ar\/argentina\/wp-json\/wp\/v2\/users\/2"}],"replies":[{"embeddable":true,"href":"http:\/\/argentinamunicipal.com.ar\/argentina\/wp-json\/wp\/v2\/comments?post=63870"}],"version-history":[{"count":0,"href":"http:\/\/argentinamunicipal.com.ar\/argentina\/wp-json\/wp\/v2\/posts\/63870\/revisions"}],"wp:featuredmedia":[{"embeddable":true,"href":"http:\/\/argentinamunicipal.com.ar\/argentina\/wp-json\/wp\/v2\/media\/63871"}],"wp:attachment":[{"href":"http:\/\/argentinamunicipal.com.ar\/argentina\/wp-json\/wp\/v2\/media?parent=63870"}],"wp:term":[{"taxonomy":"category","embeddable":true,"href":"http:\/\/argentinamunicipal.com.ar\/argentina\/wp-json\/wp\/v2\/categories?post=63870"},{"taxonomy":"post_tag","embeddable":true,"href":"http:\/\/argentinamunicipal.com.ar\/argentina\/wp-json\/wp\/v2\/tags?post=63870"}],"curies":[{"name":"wp","href":"https:\/\/api.w.org\/{rel}","templated":true}]}}