{"id":63898,"date":"2017-06-08T07:16:51","date_gmt":"2017-06-08T10:16:51","guid":{"rendered":"http:\/\/argentinamunicipal.com.ar\/argentina\/?p=63898"},"modified":"2017-06-08T07:16:51","modified_gmt":"2017-06-08T10:16:51","slug":"juntos-desenmascarar-al-gobierno","status":"publish","type":"post","link":"http:\/\/argentinamunicipal.com.ar\/argentina\/juntos-desenmascarar-al-gobierno\/","title":{"rendered":"Juntos para desenmascarar al Gobierno"},"content":{"rendered":"<p>Las centrales sindicales acordaron actuar en bloque ante la avanzada del Gobierno contra los derechos laborales y gremiales. Tambi\u00e9n cuestionaron la elecci\u00f3n de la Rural como sede para la Conferencia Internacional contra el Trabajo Infantil.<\/p>\n<p>La CGT y las dos CTA acordaron actuar en bloque en determinados temas durante la 106 asamblea anual de la Organizaci\u00f3n Internacional del Trabajo (OIT). Los representantes gremiales apuntan a desenmascarar los intentos del gobierno de Mauricio Macri por restringir el libre desarrollo de las representaciones sindicales y, sobre todo, la pretendida limitaci\u00f3n al derecho a huelga. Este punto no es exclusivo del macrismo pero es el com\u00fan denominador de los gobiernos neoliberales, como el de la Argentina, y que hacen causa com\u00fan junto con las representaciones empresariales en escenarios como la asamblea de la OIT para ir avanzando en la imposici\u00f3n de estas pol\u00edticas flexibilizadoras.<\/p>\n<p>Seg\u00fan relatan en los pasillos de la CGT, la decisi\u00f3n de trabajar en conjunto se concret\u00f3 un tiempo antes del viaje a Ginebra, Suiza. Esa fue la raz\u00f3n por la que la representaci\u00f3n sindical fue m\u00e1s numerosa que otros a\u00f1os. El listado lo hizo la CGT bajo el control del titular de la Uocra, Gerardo Mart\u00ednez, a la saz\u00f3n secretario de Relaciones Internacionales de la central obrera. Mart\u00ednez tuvo que lidiar con la presi\u00f3n del Gobierno que pretend\u00eda sumar al titular del gremio de los trabajadores rurales, Ger\u00f3nimo \u201cMomo\u201d Venegas. La objeci\u00f3n principal fue que el Momo no est\u00e1 en la CGT y que el sello de las 62 Organizaciones no serv\u00eda porque ese es el \u201cbrazo pol\u00edtico\u201d de la CGT y, como tal, no cumple con el requisito de ser una central sindical. As\u00ed, el Momo no viaj\u00f3.<\/p>\n<p>La delegaci\u00f3n gremial fue importante tambi\u00e9n porque la de empresarios hab\u00eda crecido con respecto a otros a\u00f1os. El mundo patronal es parte integrante de las asambleas de la OIT pero tambi\u00e9n se dedica al lobby. En esta oportunidad, el tema que est\u00e1 creciendo es la limitaci\u00f3n al derecho a huelga y aunque no estuvo en la agenda de esta Asamblea, los sindicatos sospechan que trabajan, gobiernos y empresarios, para imponerla en 2018. \u201cEste tema avanza entre los gobiernos liberales, como el argentino, y los trabajadores tenemos que resistir en todos los escenarios\u201d, reconocieron colaboradores de Mart\u00ednez.<\/p>\n<p>Por caso, el secretario general de los docentes bonaerenses, Roberto Baradel, ya \u201cactiv\u00f3\u201d este reclamo cuando el lunes aprovech\u00f3 un encuentro compartido con el ministro de Trabajo, Jorge Triaca, y el director General de la OIT, Guy Ryder, para denunciar \u201clos embates\u201d sobre trabajadores, dirigentes sindicales y los gremios, especialmente los relacionados con el sector educativo.<\/p>\n<p>Pero all\u00ed no qued\u00f3 la cosa. Poco antes de que Triaca realizara ayer su discurso las tres centrales sindicales, acompa\u00f1adas por representantes de la Confederaci\u00f3n Sindical Internacional y la Confederaci\u00f3n Sindical de las Am\u00e9ricas, expresaron ante las autoridades de la OIT su malestar y falta de criterio por la elecci\u00f3n de las instalaciones de la Sociedad Rural Argentina (SRA) como sede de la IV Conferencia Internacional contra el Trabajo Infantil. Las organizaciones sindicales, argentinas e internacionales, expresaron la contradicci\u00f3n que implica llevar el debate a la sede de una instituci\u00f3n que tiene el m\u00e1s alto \u00edndice de trabajo esclavo e infantil. Los sindicalistas sostuvieron que el gobierno nacional, encargado del encuentro, tiene tiempo como para modificar la sede y \u201cevitar el papel\u00f3n internacional\u201d. En esa reuni\u00f3n Triaca sostuvo que no hay otra sede capaz de albergar a los participantes. Entre los dirigentes sindicales sostienen que la Rosada podr\u00eda recurrir a la Usina del Arte o incluso al Centro Cultural Kirchner (CCK).<\/p>\n<p>Ante la Asamblea de la OIT, Triaca anunci\u00f3 la realizaci\u00f3n de ese encuentro a finales de este a\u00f1o. Luego se regode\u00f3 sobre \u201cel liderazgo argentino en el G-20\u201d que se reunir\u00e1 en la Argentina el pr\u00f3ximo a\u00f1o y se refiri\u00f3 a \u201cla capacitaci\u00f3n para el trabajo del futuro\u201d. El otro punto que le preocup\u00f3 al ministro fue la migraci\u00f3n y el impacto que tiene en el sistema jubilatorio que, como reconocieron el martes diputados del PRO, es uno de los temas que el Gobierno quiere modificar en 2018, siempre y cuando triunfe en las elecciones legislativas de octubre pr\u00f3ximo.<\/p>\n<h6>Fuente: P\u00e1gina 12<\/h6>\n","protected":false},"excerpt":{"rendered":"<p>Las centrales sindicales acordaron actuar en bloque ante la avanzada del Gobierno contra los derechos laborales y gremiales. Tambi\u00e9n cuestionaron la elecci\u00f3n de la Rural como sede para la Conferencia Internacional contra el Trabajo Infantil.<\/p>\n","protected":false},"author":2,"featured_media":63899,"comment_status":"closed","ping_status":"closed","sticky":false,"template":"","format":"standard","meta":{"footnotes":""},"categories":[8],"tags":[21],"class_list":["post-63898","post","type-post","status-publish","format-standard","has-post-thumbnail","hentry","category-informe-nacional","tag-argentina"],"_links":{"self":[{"href":"http:\/\/argentinamunicipal.com.ar\/argentina\/wp-json\/wp\/v2\/posts\/63898","targetHints":{"allow":["GET"]}}],"collection":[{"href":"http:\/\/argentinamunicipal.com.ar\/argentina\/wp-json\/wp\/v2\/posts"}],"about":[{"href":"http:\/\/argentinamunicipal.com.ar\/argentina\/wp-json\/wp\/v2\/types\/post"}],"author":[{"embeddable":true,"href":"http:\/\/argentinamunicipal.com.ar\/argentina\/wp-json\/wp\/v2\/users\/2"}],"replies":[{"embeddable":true,"href":"http:\/\/argentinamunicipal.com.ar\/argentina\/wp-json\/wp\/v2\/comments?post=63898"}],"version-history":[{"count":0,"href":"http:\/\/argentinamunicipal.com.ar\/argentina\/wp-json\/wp\/v2\/posts\/63898\/revisions"}],"wp:featuredmedia":[{"embeddable":true,"href":"http:\/\/argentinamunicipal.com.ar\/argentina\/wp-json\/wp\/v2\/media\/63899"}],"wp:attachment":[{"href":"http:\/\/argentinamunicipal.com.ar\/argentina\/wp-json\/wp\/v2\/media?parent=63898"}],"wp:term":[{"taxonomy":"category","embeddable":true,"href":"http:\/\/argentinamunicipal.com.ar\/argentina\/wp-json\/wp\/v2\/categories?post=63898"},{"taxonomy":"post_tag","embeddable":true,"href":"http:\/\/argentinamunicipal.com.ar\/argentina\/wp-json\/wp\/v2\/tags?post=63898"}],"curies":[{"name":"wp","href":"https:\/\/api.w.org\/{rel}","templated":true}]}}