{"id":63910,"date":"2017-06-08T07:40:34","date_gmt":"2017-06-08T10:40:34","guid":{"rendered":"http:\/\/argentinamunicipal.com.ar\/argentina\/?p=63910"},"modified":"2017-06-08T07:40:34","modified_gmt":"2017-06-08T10:40:34","slug":"piden-se-declare-la-emergencia-alimentaria-rosario","status":"publish","type":"post","link":"http:\/\/argentinamunicipal.com.ar\/argentina\/piden-se-declare-la-emergencia-alimentaria-rosario\/","title":{"rendered":"Piden que se declare la emergencia alimentaria en Rosario"},"content":{"rendered":"<p>El presidente de la Fundaci\u00f3n Igualar Fernando Ros\u00faa present\u00f3, junto al edil Eduardo Toniolli, un proyecto de Ordenanza en el Concejo Municipal que promueve la declaraci\u00f3n de la emergencia alimentaria en Rosario.<\/p>\n<p>La iniciativa del pre candidato a concejal del Partido Justicialista declara la emergencia p\u00fablica en materia alimentaria en Rosario por el t\u00e9rmino de dos a\u00f1os, con el objetivo de garantizar los requisitos b\u00e1sicos de alimentaci\u00f3n de ni\u00f1os, ni\u00f1as y adolescentes de hasta 14 a\u00f1os de edad en situaci\u00f3n de vulnerabilidad. El proyecto prev\u00e9 fortalecer la asistencia econ\u00f3mica a comedores y merenderos comunitarios, crear nuevos programas alimentarios y reforzar partidas de leche enviadas a centros de salud, entre otras medidas.<\/p>\n<p>\u00abSeg\u00fan el INDEC, uno de cada cuatro rosarinos se encuentra por debajo de la l\u00ednea de pobreza\u00bb, se\u00f1al\u00f3 Ros\u00faa, apunt\u00f3 a que \u00abla situaci\u00f3n de crisis alimentaria se agrav\u00f3 en el \u00faltimo tiempo, a causa de la desocupaci\u00f3n creciente, la inflaci\u00f3n sostenida \u2013 que acumula m\u00e1s del 10% en lo que va del a\u00f1o -, los tarifazos en los servicios, entre otros impactos locales de las pol\u00edticas econ\u00f3micas regresivas que aplica el gobierno de Macri\u00bb, y agreg\u00f3: \u00absi producto de ello, los trabajadores formales sufren la p\u00e9rdida del poder adquisitivo del salario, los trabajadores informales, que antes viv\u00edan de las changas, hoy se encuentran en una situaci\u00f3n de exclusi\u00f3n extrema\u00bb.<\/p>\n<p>A su turno, el concejal Toniolli, que tom\u00f3 la iniciativa impulsada por la Fundaci\u00f3n Igualar y la formaliz\u00f3 ante el cuerpo legislativo local, se\u00f1al\u00f3 que \u00abhace un tiempo las demandas habituales en los barrios m\u00e1s humildes de la ciudad de Rosario ten\u00edan que ver con el acceso a los servicios b\u00e1sicos, a la obra p\u00fablica, a la vivienda, las cloacas, la erradicaci\u00f3n de las calles de tierras, y otros reclamos ligados a mejorar el entorno m\u00e1s cercano\u00bb, y agreg\u00f3: \u00abLamentablemente hoy esa agenda parece haber pasado a un segundo plano, no porque se haya resuelto, si no porque resulta mucho m\u00e1s acuciante para much\u00edsimas familias rosarinas saber si ma\u00f1ana van a poder parar la olla o no\u00bb.<\/p>\n<p>Tanto Ros\u00faa como Toniolli recordaron que el a\u00f1o pasado denunciaron desde su espacio pol\u00edtico la interrupci\u00f3n de la entrega de leche en polvo en Centros de Salud locales, producto del cese de env\u00edos de partidas de este producto por parte del Gobierno Nacional, y exhortaron al Municipio &#8211; en el texto del proyecto presentado \u2013 a gestionar el refuerzo de este tipo de prestaciones a familias en situaci\u00f3n de vulnerabilidad.<\/p>\n<h6>\nFuente: Sin Mordaza<\/h6>\n","protected":false},"excerpt":{"rendered":"<p>El presidente de la Fundaci\u00f3n Igualar Fernando Ros\u00faa present\u00f3, junto al edil Eduardo Toniolli, un proyecto de Ordenanza en el Concejo Municipal que promueve la declaraci\u00f3n de la emergencia alimentaria en Rosario. <\/p>\n","protected":false},"author":2,"featured_media":63911,"comment_status":"closed","ping_status":"closed","sticky":false,"template":"","format":"standard","meta":{"footnotes":""},"categories":[2],"tags":[10],"class_list":["post-63910","post","type-post","status-publish","format-standard","has-post-thumbnail","hentry","category-informe-municipal","tag-santa-fe"],"_links":{"self":[{"href":"http:\/\/argentinamunicipal.com.ar\/argentina\/wp-json\/wp\/v2\/posts\/63910","targetHints":{"allow":["GET"]}}],"collection":[{"href":"http:\/\/argentinamunicipal.com.ar\/argentina\/wp-json\/wp\/v2\/posts"}],"about":[{"href":"http:\/\/argentinamunicipal.com.ar\/argentina\/wp-json\/wp\/v2\/types\/post"}],"author":[{"embeddable":true,"href":"http:\/\/argentinamunicipal.com.ar\/argentina\/wp-json\/wp\/v2\/users\/2"}],"replies":[{"embeddable":true,"href":"http:\/\/argentinamunicipal.com.ar\/argentina\/wp-json\/wp\/v2\/comments?post=63910"}],"version-history":[{"count":0,"href":"http:\/\/argentinamunicipal.com.ar\/argentina\/wp-json\/wp\/v2\/posts\/63910\/revisions"}],"wp:featuredmedia":[{"embeddable":true,"href":"http:\/\/argentinamunicipal.com.ar\/argentina\/wp-json\/wp\/v2\/media\/63911"}],"wp:attachment":[{"href":"http:\/\/argentinamunicipal.com.ar\/argentina\/wp-json\/wp\/v2\/media?parent=63910"}],"wp:term":[{"taxonomy":"category","embeddable":true,"href":"http:\/\/argentinamunicipal.com.ar\/argentina\/wp-json\/wp\/v2\/categories?post=63910"},{"taxonomy":"post_tag","embeddable":true,"href":"http:\/\/argentinamunicipal.com.ar\/argentina\/wp-json\/wp\/v2\/tags?post=63910"}],"curies":[{"name":"wp","href":"https:\/\/api.w.org\/{rel}","templated":true}]}}