{"id":63922,"date":"2017-06-08T06:51:27","date_gmt":"2017-06-08T09:51:27","guid":{"rendered":"http:\/\/argentinamunicipal.com.ar\/argentina\/?p=63922"},"modified":"2017-06-08T07:54:39","modified_gmt":"2017-06-08T10:54:39","slug":"la-utilizacion-la-capacidad-instalada-las-industrias-cayo-otra-vez-abril-12-ciento","status":"publish","type":"post","link":"http:\/\/argentinamunicipal.com.ar\/argentina\/la-utilizacion-la-capacidad-instalada-las-industrias-cayo-otra-vez-abril-12-ciento\/","title":{"rendered":"La utilizaci\u00f3n de la capacidad instalada de las industrias cay\u00f3 otra vez en abril: 1,2 por ciento"},"content":{"rendered":"<p>El relevamiento del Indec da cuenta del fuerte impacto de la situaci\u00f3n de la industria automotriz, que opera a la mitad de lo que podr\u00eda hacerlo<\/p>\n<p>La utilizaci\u00f3n de la capacidad instalada en la industria se ubic\u00f3 en abril \u00faltimo en un promedio del 64,5 por ciento y baj\u00f3 1,2 punto porcentual respecto de marzo pasado, inform\u00f3 ayer el Instituto Nacional de Estad\u00edstica y Censos (Indec).<\/p>\n<p>El indicador se ubic\u00f3 tambi\u00e9n ligeramente por debajo del 64,8 de abril del a\u00f1o pasado, luego de que en marzo \u00faltimo mostrara una fuerte recuperaci\u00f3n hasta llegar al 65,7 por ciento, por encima del 60 por ciento registrado en los dos primeros meses de este a\u00f1o. Impacta fuertemente la situaci\u00f3n de la industria automotriz, cuya producci\u00f3n se encuentra en menos de la mitad de su capacidad, con un 46,5 por ciento, un 1,7 punto porcentual menos que en marzo pasado y por debajo del 54,6 por ciento de abril del a\u00f1o anterior.<\/p>\n<p>Los sectores industriales que presentan niveles de utilizaci\u00f3n de la capacidad instalada superiores al nivel general son la refinaci\u00f3n de petr\u00f3leo, con 82,4 por ciento; papel y cart\u00f3n (79,6 por ciento), las industrias met\u00e1licas b\u00e1sicas (73,6 por ciento), la producci\u00f3n de insumos para la construcci\u00f3n (71 por ciento) y productos qu\u00edmicos (68,6 por ciento).<\/p>\n<p>Por otra parte, los bloques que se ubicaron en abril por debajo del nivel general fueron la producci\u00f3n de alimentos y bebidas (64,3 por ciento), productos del tabaco (62,4 por ciento), de caucho y pl\u00e1stico (57,9 por ciento), edici\u00f3n e impresi\u00f3n (56 por ciento), productos textiles (54,9 por ciento), metalmec\u00e1nica (54,5 por ciento) y la industria automotriz (46,5 por ciento).<\/p>\n<p>En los dos \u00faltimos meses mostraron una fuerte recuperaci\u00f3n la industrias met\u00e1licas b\u00e1sicas y la de insumos de minerales no met\u00e1licos por el auge de la industria de la construcci\u00f3n. Tambi\u00e9n se registr\u00f3 una recuperaci\u00f3n de la industria metalmec\u00e1nica por el mayor nivel de actividad de la construcci\u00f3n y la actividad agraria, en particular la creciente demanda de tractores, cosechadoras, sembradoras e implementos agr\u00edcolas, seg\u00fan inform\u00f3 el Indec.<\/p>\n<p><strong>Industria fueguina<\/strong><\/p>\n<p>Por otra parte, contin\u00faa complicada la situaci\u00f3n de las empresas de Tierra del Fuego. El diputado nacional y secretario general de la UOM R\u00edo Grande, Oscar Mart\u00ednez, asegur\u00f3 ayer que al menos \u00abmil compa\u00f1eras y compa\u00f1eros\u00bb se quedaron sin empleo en lo que va de 2017, en tanto que desde el sector empresarial reconocieron que la ocupaci\u00f3n cay\u00f3 un 30 por ciento respecto de 2016.<\/p>\n<p>La p\u00e9rdida de puestos de trabajo mencionada se dio \u00abs\u00f3lo en los sectores electr\u00f3nico y autopartista\u00bb, dijo el referente gremial, tras advertir que hubo una ca\u00edda del empleo interanual cercana a los 3.000 operarios.<\/p>\n<p>Seg\u00fan Mart\u00ednez, \u00abla terrible crisis en la industria, a partir de varias medidas como la devaluaci\u00f3n, la ca\u00edda del poder adquisitivo y como consecuencia de ello la reducci\u00f3n considerable de consumo, sumado a la apertura de la importaci\u00f3n o la posibilidad de que el contrabando coloque sus productos en el mercado, hace que las l\u00edneas de producci\u00f3n en Tierra del Fuego hayan ca\u00eddo considerablemente\u00bb.<\/p>\n<p>Por su parte, Federico Hellemeyer, presidente de la asociaci\u00f3n empresarial Afarte, en comunicaci\u00f3n con una emisora local, dijo que \u00abtodav\u00eda no hay se\u00f1ales de una reactivaci\u00f3n del mercado\u00bb.<\/p>\n<p>El responsable de la c\u00e1mara que nuclea a los empresarios industriales detall\u00f3 que \u00aben la cadena productiva no hay se\u00f1ales\u00bb, pero advirti\u00f3: \u00abUno sigue los medios y los an\u00e1lisis que hacen los distintos economistas, y pareciera como que lentamente se va empezando a desenfriar el consumo\u00bb.<\/p>\n<p>Hellemeyer afirm\u00f3 que \u00abhoy el factor que est\u00e1 determinando esta situaci\u00f3n es el mercado\u00bb, y agreg\u00f3: \u00abCon un mercado mucho m\u00e1s positivo estar\u00edamos m\u00e1s relajados, pero hoy nuestra urgencia pasa por el volumen de demanda de los equipos que nosotros hacemos. Ese volumen de demanda est\u00e1 muy planchado. Lo determinante es la econom\u00eda\u00bb.<\/p>\n<h6>Fuetne: La Capital Rosario<\/h6>\n","protected":false},"excerpt":{"rendered":"<p>El relevamiento del Indec da cuenta del fuerte impacto de la situaci\u00f3n de la industria automotriz, que opera a la mitad de lo que podr\u00eda hacerlo<\/p>\n","protected":false},"author":2,"featured_media":63923,"comment_status":"closed","ping_status":"closed","sticky":false,"template":"","format":"standard","meta":{"footnotes":""},"categories":[8],"tags":[21],"class_list":["post-63922","post","type-post","status-publish","format-standard","has-post-thumbnail","hentry","category-informe-nacional","tag-argentina"],"_links":{"self":[{"href":"http:\/\/argentinamunicipal.com.ar\/argentina\/wp-json\/wp\/v2\/posts\/63922","targetHints":{"allow":["GET"]}}],"collection":[{"href":"http:\/\/argentinamunicipal.com.ar\/argentina\/wp-json\/wp\/v2\/posts"}],"about":[{"href":"http:\/\/argentinamunicipal.com.ar\/argentina\/wp-json\/wp\/v2\/types\/post"}],"author":[{"embeddable":true,"href":"http:\/\/argentinamunicipal.com.ar\/argentina\/wp-json\/wp\/v2\/users\/2"}],"replies":[{"embeddable":true,"href":"http:\/\/argentinamunicipal.com.ar\/argentina\/wp-json\/wp\/v2\/comments?post=63922"}],"version-history":[{"count":0,"href":"http:\/\/argentinamunicipal.com.ar\/argentina\/wp-json\/wp\/v2\/posts\/63922\/revisions"}],"wp:featuredmedia":[{"embeddable":true,"href":"http:\/\/argentinamunicipal.com.ar\/argentina\/wp-json\/wp\/v2\/media\/63923"}],"wp:attachment":[{"href":"http:\/\/argentinamunicipal.com.ar\/argentina\/wp-json\/wp\/v2\/media?parent=63922"}],"wp:term":[{"taxonomy":"category","embeddable":true,"href":"http:\/\/argentinamunicipal.com.ar\/argentina\/wp-json\/wp\/v2\/categories?post=63922"},{"taxonomy":"post_tag","embeddable":true,"href":"http:\/\/argentinamunicipal.com.ar\/argentina\/wp-json\/wp\/v2\/tags?post=63922"}],"curies":[{"name":"wp","href":"https:\/\/api.w.org\/{rel}","templated":true}]}}