{"id":63931,"date":"2017-06-08T08:07:15","date_gmt":"2017-06-08T11:07:15","guid":{"rendered":"http:\/\/argentinamunicipal.com.ar\/argentina\/?p=63931"},"modified":"2017-06-08T08:07:15","modified_gmt":"2017-06-08T11:07:15","slug":"casi-la-mitad-los-ninos-del-pais-pobres-mas-millon-apenas-come","status":"publish","type":"post","link":"http:\/\/argentinamunicipal.com.ar\/argentina\/casi-la-mitad-los-ninos-del-pais-pobres-mas-millon-apenas-come\/","title":{"rendered":"Casi la mitad de los ni\u00f1os del pa\u00eds son pobres y m\u00e1s de un mill\u00f3n apenas come"},"content":{"rendered":"<p>El dato surge de un estudio de UNICEF Argentina a partir de datos del indec. El 47.7 por ciento de los chicos del pa\u00eds residen en hogares pobres y el 10.8 est\u00e1 afectado por pobreza extrema. Los datos revelan que las familias comandadas por mujeres est\u00e1n m\u00e1s comprometidas.<\/p>\n<p>Un informe producido por UNICEF Argentina a partir de datos del INDEC revela la crudeza de la pobreza en el pa\u00eds en toda su dimensi\u00f3n. Seg\u00fan esa entidad, hay 5.6 millones de ni\u00f1os y ni\u00f1as por debajo de la l\u00ednea de pobreza y 1.3 millones alcanzados por la indigencia, es decir que no consiguen consumir una canasta b\u00e1sica de alimentos.<\/p>\n<p>Descarg\u00e1 el informe completo ac\u00e1.<\/p>\n<p>Seg\u00fan UNICEF, el 29.7 por ciento de los argentinos es pobre, aunque la cifra trepa al 47.7 por ciento si se toma en cuenta s\u00f3lo el universo de ni\u00f1as, ni\u00f1os y adolescentes. La pobreza extrema, en tanto, afecta al 10.8 por ciento.<\/p>\n<p>Pero hay m\u00e1s: el informe de UNICEF advierte que la tasa de pobreza infantil y adolescente aumenta al 85% cuando los chicos residen en un hogar cuyo jefe o jefa est\u00e1 desocupado, y al 65% cuando es un asalariado informal. Y que una ni\u00f1a o un ni\u00f1o que reside en un hogar cuyo jefe es un asalariado informal, tiene un nivel de pobreza monetaria 2,4 veces m\u00e1s elevado que uno cuyo jefe es un asalariado formal.<\/p>\n<p>A la par, revela estad\u00edsticas que permiten leer la realidad desde una perspectiva de g\u00e9nero: Las familias con una jefatura femenina est\u00e1n m\u00e1s comprometidas: la pobreza es mayor en hogares donde el sost\u00e9n econ\u00f3mico es una mujer (55,3%), afirma el informe.<\/p>\n<p>Si se segmenta la poblaci\u00f3n de ni\u00f1os en tres grandes grupos de edad se observa que la incidencia mayor de la pobreza se verifica para el grupo de 13 a 17 a\u00f1os (51%), seguido por el grupo de 5-12 (48%) y 0 a 4 a\u00f1os (45%). Los adolescentes integran la poblaci\u00f3n m\u00e1s pobre del pa\u00eds.<\/p>\n<h6>Fuente: InfoCielo<\/h6>\n","protected":false},"excerpt":{"rendered":"<p>El dato surge de un estudio de UNICEF Argentina a partir de datos del indec. El 47.7 por ciento de los chicos del pa\u00eds residen en hogares pobres y el 10.8 est\u00e1 afectado por pobreza extrema. <\/p>\n","protected":false},"author":2,"featured_media":63932,"comment_status":"closed","ping_status":"closed","sticky":false,"template":"","format":"standard","meta":{"footnotes":""},"categories":[8],"tags":[21],"class_list":["post-63931","post","type-post","status-publish","format-standard","has-post-thumbnail","hentry","category-informe-nacional","tag-argentina"],"_links":{"self":[{"href":"http:\/\/argentinamunicipal.com.ar\/argentina\/wp-json\/wp\/v2\/posts\/63931","targetHints":{"allow":["GET"]}}],"collection":[{"href":"http:\/\/argentinamunicipal.com.ar\/argentina\/wp-json\/wp\/v2\/posts"}],"about":[{"href":"http:\/\/argentinamunicipal.com.ar\/argentina\/wp-json\/wp\/v2\/types\/post"}],"author":[{"embeddable":true,"href":"http:\/\/argentinamunicipal.com.ar\/argentina\/wp-json\/wp\/v2\/users\/2"}],"replies":[{"embeddable":true,"href":"http:\/\/argentinamunicipal.com.ar\/argentina\/wp-json\/wp\/v2\/comments?post=63931"}],"version-history":[{"count":0,"href":"http:\/\/argentinamunicipal.com.ar\/argentina\/wp-json\/wp\/v2\/posts\/63931\/revisions"}],"wp:featuredmedia":[{"embeddable":true,"href":"http:\/\/argentinamunicipal.com.ar\/argentina\/wp-json\/wp\/v2\/media\/63932"}],"wp:attachment":[{"href":"http:\/\/argentinamunicipal.com.ar\/argentina\/wp-json\/wp\/v2\/media?parent=63931"}],"wp:term":[{"taxonomy":"category","embeddable":true,"href":"http:\/\/argentinamunicipal.com.ar\/argentina\/wp-json\/wp\/v2\/categories?post=63931"},{"taxonomy":"post_tag","embeddable":true,"href":"http:\/\/argentinamunicipal.com.ar\/argentina\/wp-json\/wp\/v2\/tags?post=63931"}],"curies":[{"name":"wp","href":"https:\/\/api.w.org\/{rel}","templated":true}]}}