{"id":63937,"date":"2017-06-08T08:18:47","date_gmt":"2017-06-08T11:18:47","guid":{"rendered":"http:\/\/argentinamunicipal.com.ar\/argentina\/?p=63937"},"modified":"2017-06-08T08:18:47","modified_gmt":"2017-06-08T11:18:47","slug":"carrio-defendio-aumento-los-gastos-los-diputados-veces-tienen-mantener-dos-familias","status":"publish","type":"post","link":"http:\/\/argentinamunicipal.com.ar\/argentina\/carrio-defendio-aumento-los-gastos-los-diputados-veces-tienen-mantener-dos-familias\/","title":{"rendered":"Carri\u00f3 defendi\u00f3 el aumento de los gastos de los Diputados porque \u00aba veces tienen que mantener dos familias\u00bb"},"content":{"rendered":"<p>Massa sali\u00f3 al cruce de la representante de Cambiemos luego de que los representantes de la C\u00e1mara baja se incrementaran sus dietas a unos 95.000 pesos de bolsillo.<\/p>\n<p>Dos referentes de Cambiemos en la C\u00e1mara de Diputados, Elisa Carri\u00f3 y Nicol\u00e1s Massot, defendieron el aumento de los pasajes y gastos de representaci\u00f3n que implic\u00f3 un incremento de los ingresos de los diputados, mientras el l\u00edder de Frente Renovador (FR), Sergio Massa, fustig\u00f3 en duros t\u00e9rminos esa medida adoptada por las autoridades de la c\u00e1mara baja.<\/p>\n<p>La pol\u00e9mica se desat\u00f3 a ra\u00edz de la decisi\u00f3n del presidente de la C\u00e1mara de Diputados, Emilio Monz\u00f3 -en acuerdo con los bloques mayoritarios- de aumentar el 100 por ciento los gastos de representaci\u00f3n (de 10.00 a 20.000 pesos) y el canje de pasajes (de 20.000 a 40.000), lo que eleva a unos 95.000 pesos de bolsillo el ingreso de los legisladores.<\/p>\n<p>Esta resoluci\u00f3n fue rechazada desde el Frente Renovador y los bloques de izquierda, mientras el GEN a\u00fan no se expidi\u00f3 sobre este tema.<\/p>\n<p>La l\u00edder de la Coalici\u00f3n C\u00edvica-Cambiemos, Elisa Carri\u00f3, asegur\u00f3 que \u00abcada vez que se han aumentado los gastos de representaci\u00f3n, han salido siempre a rasgarse las vestiduras, pero yo siempre me manifest\u00e9 en defensa porque ganamos menos que un juzgado de primera instancia\u00bb.<\/p>\n<p>Al justificar su postura, la diputada de la CC se\u00f1al\u00f3 que los diputados \u00aba veces tienen que mantener dos familias\u00bb y agreg\u00f3: \u00abYo a veces no puedo pagar un cartel en la elecci\u00f3n con la plata que nos da el Estado y veo carteles a lo largo y ancho del pa\u00eds: a esas personas les sobra el dinero\u00bb.<\/p>\n<p>En tanto, el presidente del bloque de diputados del Pro, Nicol\u00e1s Massot, precis\u00f3 que \u00abno hubo un aumento sino una transparentaci\u00f3n de los gastos de los pasajes\u00bb y vaticin\u00f3 que, en un futuro, esta medida implicar\u00e1 \u00abun posible ahorro\u00bb para la c\u00e1mara baja.<\/p>\n<p>En un reportaje a Radio Mitre, Massot explic\u00f3 que \u00abno fue un aumento sino una transparentaci\u00f3n de los gastos por pasajes\u00bb y justific\u00f3 el incremento en los gastos por representaci\u00f3n, aunque se pronunci\u00f3 a favor de que \u00abambos \u00edtems se incorporen a las dietas\u00bb.<\/p>\n<p>\u00abEsta reforma le va a salir m\u00e1s barato a los argentinos, al equiparar los pasajes al tramo Buenos Aires-C\u00f3rdoba, los que lo utilicen lo canjearan y los que no, lo blanquear\u00e1n. Los que no usen ser\u00e1n parte de la dieta formal y no fomentar\u00e1 un circuito informal\u00bb, remarc\u00f3.<\/p>\n<p>En cambio, el l\u00edder del FR, Sergio Massa, calific\u00f3 de \u00abverg\u00fcenza\u00bb la resoluci\u00f3n que aumenta las sumas en concepto de gastos de representaci\u00f3n y de los montos que reciben por 20 tramos y anunci\u00f3 que los bloques de su espacio firmar\u00e1n un pedido para que no se les aplique el aumento.<\/p>\n<p>\u00abEl PRO se junta con el kirchnerismo para aumentarse la dieta de los diputados pero no quieren juntarse para bajar los precios\u00bb, afirm\u00f3 Massa, en alusi\u00f3n a su proyecto para bajar el IVA a un conjunto de productos de la canasta familiar.<\/p>\n<p>Por medio de un video, Massa expres\u00f3 que \u00abmientras cae el consumo de alimentos b\u00e1sicos como la leche, diputados de Macri, diputados kirchneristas y diputados de Carri\u00f3 firman un pedido para subirse un 100 por ciento sus gastos y un 70 por ciento sus viajes\u00bb.<\/p>\n<p>\u00abParece que no saben c\u00f3mo ayudar el bolsillo de la gente pero s\u00ed como llenar los bolsillos propios\u00bb, dispar\u00f3.<\/p>\n<p>La decisi\u00f3n de actualizar el monto que perciben mensualmente los legisladores tambi\u00e9n gener\u00f3 el rechazo de otros sectores pol\u00edticos que ya adelantaron que no van a percibir el incremento, en tanto otros tildaron de \u00abinoportuna\u00bb la medida y llamaron a \u00abun debate integral\u00bb que incluya tambi\u00e9n los sueldos en la Justicia.<\/p>\n<p>Desde la izquierda, el diputado Juan Carlos Giordano, adelant\u00f3 que no cobrar\u00e1 el incremento dispuesto para algunos conceptos que perciben los integrantes de la C\u00e1mara baja.<\/p>\n<p>En ese marco, el Frente de Izquierda Socialista (FIT) calific\u00f3 como \u00abindignante\u00bb este aumento, pero record\u00f3 que fue \u00abun pedido que hicieron varios bloques\u00bb.<\/p>\n<p>\u00abNo lo vamos a cobrar. Es indignante mientras millones de trabajadores y jubilados viven en la pobreza y son v\u00edctimas del ajuste. Se aumentan 30.000 pesos cuando 3 millones de jubilados cobran la m\u00ednima, se est\u00e1n firmando paritarias a la baja y siguen los despidos y suspensiones\u00bb, dijo el FIT en su comunicado.<\/p>\n<p>A su vez, el diputado nacional por el Frente para la Victoria Juan Manuel Pedrini justific\u00f3 la necesidad de la medida al se\u00f1alar que \u00ablos aumentos estaban congelados desde hace varios a\u00f1os\u00bb, pero coincidi\u00f3 con algunos legisladores en que el momento no era \u00aboportuno\u00bb.<\/p>\n<p>El incremento fue en respuesta a una nota que recibi\u00f3 el presidente de la C\u00e1mara, que llev\u00f3 la firma de los diputados de la UCR, del PRO, del Frente para la Victoria-PJ, de la Coalici\u00f3n C\u00edvica y del Movimiento Evita.<\/p>\n<h6>Fuente: Uno Mendoza<\/h6>\n","protected":false},"excerpt":{"rendered":"<p>Massa sali\u00f3 al cruce de la representante de Cambiemos luego de que los representantes de la C\u00e1mara baja se incrementaran sus dietas a unos 95.000 pesos de bolsillo.<\/p>\n","protected":false},"author":2,"featured_media":63938,"comment_status":"closed","ping_status":"closed","sticky":false,"template":"","format":"standard","meta":{"footnotes":""},"categories":[8],"tags":[21],"class_list":["post-63937","post","type-post","status-publish","format-standard","has-post-thumbnail","hentry","category-informe-nacional","tag-argentina"],"_links":{"self":[{"href":"http:\/\/argentinamunicipal.com.ar\/argentina\/wp-json\/wp\/v2\/posts\/63937","targetHints":{"allow":["GET"]}}],"collection":[{"href":"http:\/\/argentinamunicipal.com.ar\/argentina\/wp-json\/wp\/v2\/posts"}],"about":[{"href":"http:\/\/argentinamunicipal.com.ar\/argentina\/wp-json\/wp\/v2\/types\/post"}],"author":[{"embeddable":true,"href":"http:\/\/argentinamunicipal.com.ar\/argentina\/wp-json\/wp\/v2\/users\/2"}],"replies":[{"embeddable":true,"href":"http:\/\/argentinamunicipal.com.ar\/argentina\/wp-json\/wp\/v2\/comments?post=63937"}],"version-history":[{"count":0,"href":"http:\/\/argentinamunicipal.com.ar\/argentina\/wp-json\/wp\/v2\/posts\/63937\/revisions"}],"wp:featuredmedia":[{"embeddable":true,"href":"http:\/\/argentinamunicipal.com.ar\/argentina\/wp-json\/wp\/v2\/media\/63938"}],"wp:attachment":[{"href":"http:\/\/argentinamunicipal.com.ar\/argentina\/wp-json\/wp\/v2\/media?parent=63937"}],"wp:term":[{"taxonomy":"category","embeddable":true,"href":"http:\/\/argentinamunicipal.com.ar\/argentina\/wp-json\/wp\/v2\/categories?post=63937"},{"taxonomy":"post_tag","embeddable":true,"href":"http:\/\/argentinamunicipal.com.ar\/argentina\/wp-json\/wp\/v2\/tags?post=63937"}],"curies":[{"name":"wp","href":"https:\/\/api.w.org\/{rel}","templated":true}]}}