{"id":63959,"date":"2017-06-09T06:36:57","date_gmt":"2017-06-09T09:36:57","guid":{"rendered":"http:\/\/argentinamunicipal.com.ar\/argentina\/?p=63959"},"modified":"2017-06-09T06:36:57","modified_gmt":"2017-06-09T09:36:57","slug":"la-oposicion-la-inflacion-mayo-fue-18-acumulado-los-primeros-cinco-meses-llega-103","status":"publish","type":"post","link":"http:\/\/argentinamunicipal.com.ar\/argentina\/la-oposicion-la-inflacion-mayo-fue-18-acumulado-los-primeros-cinco-meses-llega-103\/","title":{"rendered":"Para la oposici\u00f3n, la inflaci\u00f3n de mayo fue de 1,8% y el acumulado en los primeros cinco meses llega a 10,3"},"content":{"rendered":"<p>El Frente Renovador, junto a diputados de otros bloques, registr\u00f3 en mayo una inflaci\u00f3n de 1,8 por ciento, con lo que lleva acumulado 10,3 por ciento en los primeros 5 meses del a\u00f1o.<\/p>\n<p>El equipo econ\u00f3mico del FR, que dirige el diputado Marco Lavagna, al que se sumaron aliados del GEN, ahora integrantes de \u00ab1PAIS\u00bb, legisladores de Libres del Sur y el Partido Socialista, indica que en el rubro alimentos la suba de precios el mes pasado fue del 2 por ciento.<\/p>\n<p>El informe se\u00f1ala que la Canasta B\u00e1sica Alimentaria entre marzo y abril aument\u00f3 en precio el 5,2 por ciento y los incrementos m\u00e1s notorios se registraron en fiambres, frutas, verduras, l\u00e1cteos y huevos.<\/p>\n<p>Adem\u00e1s, precisa que en \u00abAlimentos\u00bb la inflaci\u00f3n en los \u00faltimos 18 meses alcanz\u00f3 54 por ciento a un ritmo del 2,4 por ciento promedio mensual, m\u00e1s de 15 puntos por encima de los 18 meses previos.<\/p>\n<p>En la inflaci\u00f3n de mayo agrega el informe que tambi\u00e9n impactaron las alzas en los rubros \u00abVivienda\u00bb y \u00abServicios B\u00e1sicos\u00bb, a ra\u00edz de la suba en la tarifa de agua, y \u00abmantenimiento y equipamiento del hogar\u00bb.<\/p>\n<p>En el cuadro general que hace el FR observa que en el primer semestre la inflaci\u00f3n acumular\u00eda cerca de 12 por ciento, con lo que se ubicar\u00eda casi 4 puntos por encima de lo que indicar\u00eda el techo puesto por el Banco Central.<\/p>\n<p>Por \u00faltimo, el informe recuerda que en los \u00faltimos seis meses la inflaci\u00f3n promedi\u00f3 1,9 por ciento mensual, pr\u00e1cticamente igual al registrado en el per\u00edodo 2008-2015, lo que en t\u00e9rminos anualizados representa una suba de 25 por ciento anual, muy por encima del techo del 17 por ciento planteado en el Presupuesto Nacional de este a\u00f1o.<\/p>\n<p>Adem\u00e1s, el texto difundido por el massismo marca que en los \u00faltimos 18 meses la inflaci\u00f3n alcanz\u00f3 60,6 por ciento, casi 17 puntos por encima del 44 por ciento los 18 meses previos, debido en parte al peso que tuvieron el aumento de tarifas aplicadas en 2016 y lo que va de2017.<\/p>\n<h6>Fuente: InfoCielo<\/h6>\n","protected":false},"excerpt":{"rendered":"<p>El Frente Renovador, junto a diputados de otros bloques, registr\u00f3 en mayo una inflaci\u00f3n de 1,8 por ciento, con lo que lleva acumulado 10,3 por ciento en los primeros 5 meses del a\u00f1o.<\/p>\n","protected":false},"author":2,"featured_media":63960,"comment_status":"closed","ping_status":"closed","sticky":false,"template":"","format":"standard","meta":{"footnotes":""},"categories":[8],"tags":[21],"class_list":["post-63959","post","type-post","status-publish","format-standard","has-post-thumbnail","hentry","category-informe-nacional","tag-argentina"],"_links":{"self":[{"href":"http:\/\/argentinamunicipal.com.ar\/argentina\/wp-json\/wp\/v2\/posts\/63959","targetHints":{"allow":["GET"]}}],"collection":[{"href":"http:\/\/argentinamunicipal.com.ar\/argentina\/wp-json\/wp\/v2\/posts"}],"about":[{"href":"http:\/\/argentinamunicipal.com.ar\/argentina\/wp-json\/wp\/v2\/types\/post"}],"author":[{"embeddable":true,"href":"http:\/\/argentinamunicipal.com.ar\/argentina\/wp-json\/wp\/v2\/users\/2"}],"replies":[{"embeddable":true,"href":"http:\/\/argentinamunicipal.com.ar\/argentina\/wp-json\/wp\/v2\/comments?post=63959"}],"version-history":[{"count":0,"href":"http:\/\/argentinamunicipal.com.ar\/argentina\/wp-json\/wp\/v2\/posts\/63959\/revisions"}],"wp:featuredmedia":[{"embeddable":true,"href":"http:\/\/argentinamunicipal.com.ar\/argentina\/wp-json\/wp\/v2\/media\/63960"}],"wp:attachment":[{"href":"http:\/\/argentinamunicipal.com.ar\/argentina\/wp-json\/wp\/v2\/media?parent=63959"}],"wp:term":[{"taxonomy":"category","embeddable":true,"href":"http:\/\/argentinamunicipal.com.ar\/argentina\/wp-json\/wp\/v2\/categories?post=63959"},{"taxonomy":"post_tag","embeddable":true,"href":"http:\/\/argentinamunicipal.com.ar\/argentina\/wp-json\/wp\/v2\/tags?post=63959"}],"curies":[{"name":"wp","href":"https:\/\/api.w.org\/{rel}","templated":true}]}}