{"id":63962,"date":"2017-06-09T06:40:02","date_gmt":"2017-06-09T09:40:02","guid":{"rendered":"http:\/\/argentinamunicipal.com.ar\/argentina\/?p=63962"},"modified":"2017-06-09T06:40:02","modified_gmt":"2017-06-09T09:40:02","slug":"afirman-momo-venegas-busca-fueros-esta-al-borde-ir-preso","status":"publish","type":"post","link":"http:\/\/argentinamunicipal.com.ar\/argentina\/afirman-momo-venegas-busca-fueros-esta-al-borde-ir-preso\/","title":{"rendered":"Afirman que el \u201cMomo\u201d Venegas busca fueros porque \u201cest\u00e1 al borde de ir preso\u201d"},"content":{"rendered":"<p>\u201cMe parece que est\u00e1 al borde de ir preso\u201d, sostuvo Gustavo Arreseygor, del SATHA, respecto de Venegas, complicado en una denuncia por expendio de troqueles \u201ctruchos\u201d de parte de la obra social de UATRE.<\/p>\n<p>La investigaci\u00f3n contra UATRE, que tiene contra las cuerdas al titular de ese gremio, Ger\u00f3nimo \u201cMomo\u201d Venegas, motiv\u00f3 airadas denuncias de parte de Gustavo Arreseygor, del SATHA, gremio \u201crival\u201d del que encabeza hombre de Necochea.<\/p>\n<p>Durante su intervenci\u00f3n en Demasiado Humo, el programa de debate de QM Noticias, Arreseygor le pidi\u00f3 explicaciones a Cambiemos y a la Gobernadora Vidal respecto del futuro de Venegas. \u201cMe gustar\u00eda saber qu\u00e9 van a hacer con Venegas, que tiene causas pendientes con la justicia, ya que son tan transparentes\u201d, ironiz\u00f3.<\/p>\n<p>Es que Venegas, de la mano de su partido FE, integra la pata peronista y sindical del PRO e integra la alianza Cambiemos. Incluso tiene entre sus filas al intendente de San Pedro, Cecilio Salazar, tambi\u00e9n involucrado en el proceso judicial.<\/p>\n<p>El gremialista precis\u00f3 que a Venegas se lo investiga en el marco de una denuncia por el supuesto expendio de troqueles truchos para medicamentos oncol\u00f3gicos de parte de la obra social de UATRE, una cuesti\u00f3n que, se\u00f1al\u00f3 Arreseygor, \u201ces un delito y es grav\u00edsimo\u201d.<\/p>\n<p>\u201cMe parece que est\u00e1 al borde de ir preso\u201d, anticip\u00f3, y se anim\u00f3 a relacionar las aspiraciones del Momo a integrar la lista de Diputados nacionales de Cambiemos a la b\u00fasqueda de \u201cfueros, por lo que se viene\u201d.<\/p>\n<p>\u201cEl desmanejo que tiene sobre el RENATRE y en su propia obra social es escandaloso. Los millones de pesos que pone en la campa\u00f1a salen de la obra social. Conozco sus manejos, es escandaloso lo del Momo y nadie lo investiga\u201d, se quej\u00f3, y agreg\u00f3 que el sindicato de Venegas \u201cni siquiera tiene convenios colectivos\u201d.<\/p>\n<h6>Fuente: InfoCielo<\/h6>\n","protected":false},"excerpt":{"rendered":"<p>\u201cMe parece que est\u00e1 al borde de ir preso\u201d, sostuvo Gustavo Arreseygor, del SATHA, respecto de Venegas, complicado en una denuncia por expendio de troqueles \u201ctruchos\u201d de parte de la obra social de UATRE.<\/p>\n","protected":false},"author":2,"featured_media":63963,"comment_status":"closed","ping_status":"closed","sticky":false,"template":"","format":"standard","meta":{"footnotes":""},"categories":[8],"tags":[21],"class_list":["post-63962","post","type-post","status-publish","format-standard","has-post-thumbnail","hentry","category-informe-nacional","tag-argentina"],"_links":{"self":[{"href":"http:\/\/argentinamunicipal.com.ar\/argentina\/wp-json\/wp\/v2\/posts\/63962","targetHints":{"allow":["GET"]}}],"collection":[{"href":"http:\/\/argentinamunicipal.com.ar\/argentina\/wp-json\/wp\/v2\/posts"}],"about":[{"href":"http:\/\/argentinamunicipal.com.ar\/argentina\/wp-json\/wp\/v2\/types\/post"}],"author":[{"embeddable":true,"href":"http:\/\/argentinamunicipal.com.ar\/argentina\/wp-json\/wp\/v2\/users\/2"}],"replies":[{"embeddable":true,"href":"http:\/\/argentinamunicipal.com.ar\/argentina\/wp-json\/wp\/v2\/comments?post=63962"}],"version-history":[{"count":0,"href":"http:\/\/argentinamunicipal.com.ar\/argentina\/wp-json\/wp\/v2\/posts\/63962\/revisions"}],"wp:featuredmedia":[{"embeddable":true,"href":"http:\/\/argentinamunicipal.com.ar\/argentina\/wp-json\/wp\/v2\/media\/63963"}],"wp:attachment":[{"href":"http:\/\/argentinamunicipal.com.ar\/argentina\/wp-json\/wp\/v2\/media?parent=63962"}],"wp:term":[{"taxonomy":"category","embeddable":true,"href":"http:\/\/argentinamunicipal.com.ar\/argentina\/wp-json\/wp\/v2\/categories?post=63962"},{"taxonomy":"post_tag","embeddable":true,"href":"http:\/\/argentinamunicipal.com.ar\/argentina\/wp-json\/wp\/v2\/tags?post=63962"}],"curies":[{"name":"wp","href":"https:\/\/api.w.org\/{rel}","templated":true}]}}