{"id":63968,"date":"2017-06-09T06:46:20","date_gmt":"2017-06-09T09:46:20","guid":{"rendered":"http:\/\/argentinamunicipal.com.ar\/argentina\/?p=63968"},"modified":"2017-06-09T06:46:20","modified_gmt":"2017-06-09T09:46:20","slug":"en-marcha-contra-el-ajuste","status":"publish","type":"post","link":"http:\/\/argentinamunicipal.com.ar\/argentina\/en-marcha-contra-el-ajuste\/","title":{"rendered":"En marcha contra el ajuste"},"content":{"rendered":"<p>Las dos CTA, la Corriente Federal, otros gremios de la CGT y organizaciones sociales est\u00e1n coordinando una movilizaci\u00f3n de protesta en julio, que incluir\u00e1 primero plenarios y actos en el interior del pa\u00eds y luego una manifestaci\u00f3n en Capital.<\/p>\n<p>En Paran\u00e1, donde particip\u00f3 de las actividades de la escuela itinerante de los maestros, el secretario general de la CTA de los Trabajadores, Hugo Yasky, anunci\u00f3 que sindicatos, movimientos sociales y organizaciones pymes est\u00e1n organizando una marcha nacional, de car\u00e1cter multisectorial, para julio pr\u00f3ximo. \u201cLa gente sabe cu\u00e1ndo tiene que salir a defender sus derechos\u201d, se\u00f1al\u00f3 el dirigente. La protesta tendr\u00e1 dos etapas, la primera con plenarios y actos en todo el interior del pa\u00eds, para cerrar con una movilizaci\u00f3n en la Ciudad de Buenos Aires.<\/p>\n<p>Dirigentes de la CTA de los Trabajadores y la CTA Aut\u00f3noma \u2013que conduce Pablo Micheli\u2013 vienen hablando del tema con los gremios de la Corriente Federal, que encabeza Sergio Palazzo (La Bancaria), y otros sindicatos de la CGT, con la idea de ir hacia un armado que incluya adem\u00e1s a sectores de peque\u00f1as y medianas empresas, a las multisectoriales contra el tarifazo, organizaciones estudiantiles y de jubilados.<\/p>\n<p>El titular de la CTA de los Trabajadores viaj\u00f3 a Paran\u00e1 para acompa\u00f1ar a la escuela itinerante, que desde el lunes est\u00e1 instalada frente a la Casa de Gobierno de Entre R\u00edos. En ese marco, habl\u00f3 sobre la capacidad de \u201cresistencia y movilizaci\u00f3n del pueblo argentino\u201d.<\/p>\n<p>\u201cLa gente no puede estar en la calle marchando todo el d\u00eda, pero s\u00ed sabe cu\u00e1ndo tiene que salir a defender sus derechos\u201d, remarc\u00f3. En este sentido, consider\u00f3 que \u201calgunas medidas hubieran sido m\u00e1s duras\u201d de no haber existido protestas masivas. Y plante\u00f3 la importancia de consensuar un programa \u201cque ponga bajo resguardo el salario, la producci\u00f3n nacional, los convenios colectivos, el sistema p\u00fablico de reparto jubilatorio, las econom\u00edas regionales\u201d.<\/p>\n<p>Yasky llam\u00f3 a los dirigentes gremiales a no sumarse a proyectos que \u201cpromueven el ajuste, el achicamiento de la producci\u00f3n o que significan el retroceso salarial que hoy estamos viviendo\u201d.<\/p>\n<p>Luego critic\u00f3 a Ger\u00f3nimo \u201cMomo\u201d Venegas, titular del sindicato de Peones Rurales y aliado de Cambiemos. \u201cEs incre\u00edble que un dirigente como el Momo pretenda erigir a Mauricio Macri como el nuevo Per\u00f3n en la Argentina. Eso no se lo cree ni \u00e9l. Hay que luchar para que los dirigentes sindicales apoyen a aquellas expresiones pol\u00edticas, que las hay, muchas, que promueven la justicia social, la distribuci\u00f3n de la riqueza y la dignidad del pueblo.\u201d<\/p>\n<h6>Fuente: P\u00e1gina 12<\/h6>\n","protected":false},"excerpt":{"rendered":"<p>Las dos CTA, la Corriente Federal, otros gremios de la CGT y organizaciones sociales est\u00e1n coordinando una movilizaci\u00f3n de protesta en julio, que incluir\u00e1 primero plenarios y actos en el interior del pa\u00eds y luego una manifestaci\u00f3n en Capital.<\/p>\n","protected":false},"author":2,"featured_media":63969,"comment_status":"closed","ping_status":"closed","sticky":false,"template":"","format":"standard","meta":{"footnotes":""},"categories":[8],"tags":[21],"class_list":["post-63968","post","type-post","status-publish","format-standard","has-post-thumbnail","hentry","category-informe-nacional","tag-argentina"],"_links":{"self":[{"href":"http:\/\/argentinamunicipal.com.ar\/argentina\/wp-json\/wp\/v2\/posts\/63968","targetHints":{"allow":["GET"]}}],"collection":[{"href":"http:\/\/argentinamunicipal.com.ar\/argentina\/wp-json\/wp\/v2\/posts"}],"about":[{"href":"http:\/\/argentinamunicipal.com.ar\/argentina\/wp-json\/wp\/v2\/types\/post"}],"author":[{"embeddable":true,"href":"http:\/\/argentinamunicipal.com.ar\/argentina\/wp-json\/wp\/v2\/users\/2"}],"replies":[{"embeddable":true,"href":"http:\/\/argentinamunicipal.com.ar\/argentina\/wp-json\/wp\/v2\/comments?post=63968"}],"version-history":[{"count":0,"href":"http:\/\/argentinamunicipal.com.ar\/argentina\/wp-json\/wp\/v2\/posts\/63968\/revisions"}],"wp:featuredmedia":[{"embeddable":true,"href":"http:\/\/argentinamunicipal.com.ar\/argentina\/wp-json\/wp\/v2\/media\/63969"}],"wp:attachment":[{"href":"http:\/\/argentinamunicipal.com.ar\/argentina\/wp-json\/wp\/v2\/media?parent=63968"}],"wp:term":[{"taxonomy":"category","embeddable":true,"href":"http:\/\/argentinamunicipal.com.ar\/argentina\/wp-json\/wp\/v2\/categories?post=63968"},{"taxonomy":"post_tag","embeddable":true,"href":"http:\/\/argentinamunicipal.com.ar\/argentina\/wp-json\/wp\/v2\/tags?post=63968"}],"curies":[{"name":"wp","href":"https:\/\/api.w.org\/{rel}","templated":true}]}}