{"id":63971,"date":"2017-06-09T06:49:44","date_gmt":"2017-06-09T09:49:44","guid":{"rendered":"http:\/\/argentinamunicipal.com.ar\/argentina\/?p=63971"},"modified":"2017-06-09T06:49:44","modified_gmt":"2017-06-09T09:49:44","slug":"santa-fe-fue-seleccionada-participar-del-programa-ciudades-intermedias","status":"publish","type":"post","link":"http:\/\/argentinamunicipal.com.ar\/argentina\/santa-fe-fue-seleccionada-participar-del-programa-ciudades-intermedias\/","title":{"rendered":"Santa Fe fue seleccionada para participar del programa Ciudades Intermedias"},"content":{"rendered":"<p>Se trata de una iniciativa del Gobierno de los Estados Unidos que apunta a aplicar tecnolog\u00eda de avanzada en materia de mapeos, georeferenciaciones y cartograf\u00edas con el objetivo de potenciar el trabajo que se realiza en la Ciudad en pos de reducir vulnerabilidades en vinculadas al riesgo h\u00eddrico y la salud.<\/p>\n<p>A partir del trabajo realizado en materia de reducci\u00f3n del riesgo h\u00eddrico, Santa Fe fue seleccionada para formar parte de Ciudades Intermedias -en ingl\u00e9s, Secondary Cities-. Se trata de un valioso programa impulsado por el Departamento de Estado de los Estados Unidos que apunta a desarrollar mapeos, georeferenciaciones y cartograf\u00edas con tecnolog\u00eda de avanzada con la intenci\u00f3n de potenciar la labor realizada y posicionar a la capital provincial en mejores condiciones de cara a reducir sus vulnerabilidades en materia de riesgo h\u00eddrico y la salud.<br \/>\nCon el objetivo de trabajar en torno a esta iniciativa, el intendente Jos\u00e9 Corral mantendr\u00e1 este viernes una reuni\u00f3n con el segundo Secretario de Medio Ambiente, Ciencia, Tecnolog\u00eda y Salud de la Embajada de los Estados Unidos en la Argentina, John Fazio; y con dos autoridades de la Secretar\u00eda de Vivienda y H\u00e1bitat del Ministerio del Interior de la Naci\u00f3n: el director de Desarrollo Urbano, Pablo J. Guiraldes; y con el director de Suelo, Pedro Ganduglia.<br \/>\nSe trata de una oportunidad de sumar una nueva herramienta a la Estrategia de Resiliencia que se viene desarrollando en la Ciudad. Es que, en s\u00edntesis, Ciudades Intermedias propone compartir los conocimientos y la tecnolog\u00eda que posee el Gobierno de los Estados Unidos en materia de herramientas de geolocalizaci\u00f3n y de generaci\u00f3n, gesti\u00f3n, intercambio y visualizaci\u00f3n de datos. En la Ciudad, el proyecto se trabajar\u00e1 en conjunto con investigadores de la Universidad Nacional del Litoral y se focalizar\u00e1 en cuestiones vinculadas al riesgo h\u00eddrico y la salud.<\/p>\n<h6>Fuente: Uno Santa Fe<\/h6>\n","protected":false},"excerpt":{"rendered":"<p>Se trata de una iniciativa del Gobierno de los Estados Unidos que apunta a aplicar tecnolog\u00eda de avanzada en materia de mapeos, georeferenciaciones y cartograf\u00edas con el objetivo de potenciar el trabajo que se realiza en la Ciudad<\/p>\n","protected":false},"author":2,"featured_media":63972,"comment_status":"closed","ping_status":"closed","sticky":false,"template":"","format":"standard","meta":{"footnotes":""},"categories":[2],"tags":[10],"class_list":["post-63971","post","type-post","status-publish","format-standard","has-post-thumbnail","hentry","category-informe-municipal","tag-santa-fe"],"_links":{"self":[{"href":"http:\/\/argentinamunicipal.com.ar\/argentina\/wp-json\/wp\/v2\/posts\/63971","targetHints":{"allow":["GET"]}}],"collection":[{"href":"http:\/\/argentinamunicipal.com.ar\/argentina\/wp-json\/wp\/v2\/posts"}],"about":[{"href":"http:\/\/argentinamunicipal.com.ar\/argentina\/wp-json\/wp\/v2\/types\/post"}],"author":[{"embeddable":true,"href":"http:\/\/argentinamunicipal.com.ar\/argentina\/wp-json\/wp\/v2\/users\/2"}],"replies":[{"embeddable":true,"href":"http:\/\/argentinamunicipal.com.ar\/argentina\/wp-json\/wp\/v2\/comments?post=63971"}],"version-history":[{"count":0,"href":"http:\/\/argentinamunicipal.com.ar\/argentina\/wp-json\/wp\/v2\/posts\/63971\/revisions"}],"wp:featuredmedia":[{"embeddable":true,"href":"http:\/\/argentinamunicipal.com.ar\/argentina\/wp-json\/wp\/v2\/media\/63972"}],"wp:attachment":[{"href":"http:\/\/argentinamunicipal.com.ar\/argentina\/wp-json\/wp\/v2\/media?parent=63971"}],"wp:term":[{"taxonomy":"category","embeddable":true,"href":"http:\/\/argentinamunicipal.com.ar\/argentina\/wp-json\/wp\/v2\/categories?post=63971"},{"taxonomy":"post_tag","embeddable":true,"href":"http:\/\/argentinamunicipal.com.ar\/argentina\/wp-json\/wp\/v2\/tags?post=63971"}],"curies":[{"name":"wp","href":"https:\/\/api.w.org\/{rel}","templated":true}]}}