{"id":63974,"date":"2017-06-09T07:03:50","date_gmt":"2017-06-09T10:03:50","guid":{"rendered":"http:\/\/argentinamunicipal.com.ar\/argentina\/?p=63974"},"modified":"2017-06-09T07:03:50","modified_gmt":"2017-06-09T10:03:50","slug":"cinco-premios-nobel-la-paz-analizan-escenario-mundial-rosario","status":"publish","type":"post","link":"http:\/\/argentinamunicipal.com.ar\/argentina\/cinco-premios-nobel-la-paz-analizan-escenario-mundial-rosario\/","title":{"rendered":"Cinco premios Nobel de la Paz analizan el escenario mundial en Rosario"},"content":{"rendered":"<p>Adolfo P\u00e9rez Esquivel, Lech Walesa, Oscar Arias S\u00e1nchez, Shirin Ebadi y Rigoberta Mench\u00fa Tum lideran jornadas de disertaciones en la ciudad<\/p>\n<p>Cinco premios Nobel de la Paz ya caminan calles rosarinas. Desde ayer, el argentino Adolfo P\u00e9rez Esquivel, el polaco Lech Walesa, el costarricense Oscar Arias S\u00e1nchez, la guatemalteca Rigoberta Mench\u00fa Tum y la iran\u00ed Shirin Ebadi est\u00e1n en Rosario para participar de \u00abVoy por la paz\u00bb, una acci\u00f3n que se desarrollar\u00e1 hasta ma\u00f1ana e incluir\u00e1 paneles de debate en la Bolsa de Comercio y actividades culturales en el Monumento a la Bandera. \u00abLa paz no se regala, la paz se construye\u00bb, sostuvo P\u00e9rez Esquivel, quien coincidi\u00f3 con sus pares en la necesidad de la participaci\u00f3n del pueblo en la vida pol\u00edtica y en la cr\u00edtica hacia la industria armamentista, que mueve sumas millonarias y transforma la guerra en un negocio a escala mundial.<\/p>\n<p>\u00abLa gente piensa que, si no hay guerra, hay paz. Pero cuando hay pobreza, marginaci\u00f3n, xenofobia, hambre, falta de educaci\u00f3n, falta de inclusi\u00f3n, eso tambi\u00e9n es falta de paz\u00bb, sostuvo ayer durante una conferencia de prensa Guillermo Whpei, presidente de la Fundaci\u00f3n para la Democracia Internacional, que organiz\u00f3 en Rosario la acci\u00f3n planificada en la VI Cumbre Mundial de Premios Nobel de la Paz realizada en febrero pasado en Bogot\u00e1 (Colombia).<\/p>\n<p>La abogada iran\u00ed Shirin Ebadi (galardonada en 2003), la ind\u00edgena guatemalteca Rigoberta Mench\u00fa Tum (1992), el expresidente de Costa Rica, Oscar Arias S\u00e1nchez (1987), el pol\u00edtico y sindicalista polaco Lech Walesa (1983) y el activista argentino Adolfo P\u00e9rez Esquivel (1980), coincidieron en que la participaci\u00f3n de la sociedad en la vida pol\u00edtica es uno de los pilares fundamentales para el fortalecimiento de la paz. Cada uno basado en las realidades particulares de sus pa\u00edses, esboz\u00f3 de distinta forma este mismo concepto.<\/p>\n<p>Para P\u00e9rez Esquivel, \u00abla paz no se regala, se construye. Como la democracia. No se trata de votar y que as\u00ed todo est\u00e1 bien. Hay que construir la democracia. Tenemos much\u00edsimos problemas en Am\u00e9rica Latina, en el mundo, donde se ha agudizado la exclusi\u00f3n social, la pobreza, la marginalidad y los conflictos armados\u00bb, sostuvo y agreg\u00f3: \u00abNo creo en las democracias delegativas. No basta poner un voto en una urna y decir que vivimos en democracia. Tenemos que conseguir una democracia participativa\u00bb.<\/p>\n<p>Mench\u00fa Tum, que recibi\u00f3 el Nobel por su lucha contra la desigualdad y la defensa de los derechos de las comunidades ind\u00edgenas y de las mujeres, llam\u00f3 a la participaci\u00f3n y a no pedir permiso para ejercer derechos, e introdujo otro tema que atraves\u00f3 a los cinco oradores: el negocio del armamento y de la guerra. \u00abLa violencia es una industria que tiene rendimiento econ\u00f3mico para ciertos sectores. La industria armamentista en el mundo no s\u00f3lo siempre ha triunfado sino que lo va a seguir haciendo, porque la poblaci\u00f3n se ha dejado amedrentar por el miedo, por la no participaci\u00f3n, por la indiferencia y por el ocultamiento de la verdad\u00bb, remarc\u00f3 la guatemalteca.<\/p>\n<p>En el mismo sentido, la iran\u00ed Ebadi enfatiz\u00f3 que \u00abla raz\u00f3n principal del auge de las guerras que hay ahora mismo se debe a que la cantidad de clientes que compran esas armas est\u00e1 en aumento. Por cada vida que se pierde en este mundo hay una relaci\u00f3n indirecta con el dinero de aquella persona que ha invertido en acciones de armamento. Y eso involucra a los gobierno del mundo\u00bb, dijo.<\/p>\n<h6>Fuente: La Capital Rosario<\/h6>\n","protected":false},"excerpt":{"rendered":"<p>Adolfo P\u00e9rez Esquivel, Lech Walesa, Oscar Arias S\u00e1nchez, Shirin Ebadi y Rigoberta Mench\u00fa Tum lideran jornadas de disertaciones en la ciudad<\/p>\n","protected":false},"author":2,"featured_media":63975,"comment_status":"closed","ping_status":"closed","sticky":false,"template":"","format":"standard","meta":{"footnotes":""},"categories":[2],"tags":[10],"class_list":["post-63974","post","type-post","status-publish","format-standard","has-post-thumbnail","hentry","category-informe-municipal","tag-santa-fe"],"_links":{"self":[{"href":"http:\/\/argentinamunicipal.com.ar\/argentina\/wp-json\/wp\/v2\/posts\/63974","targetHints":{"allow":["GET"]}}],"collection":[{"href":"http:\/\/argentinamunicipal.com.ar\/argentina\/wp-json\/wp\/v2\/posts"}],"about":[{"href":"http:\/\/argentinamunicipal.com.ar\/argentina\/wp-json\/wp\/v2\/types\/post"}],"author":[{"embeddable":true,"href":"http:\/\/argentinamunicipal.com.ar\/argentina\/wp-json\/wp\/v2\/users\/2"}],"replies":[{"embeddable":true,"href":"http:\/\/argentinamunicipal.com.ar\/argentina\/wp-json\/wp\/v2\/comments?post=63974"}],"version-history":[{"count":0,"href":"http:\/\/argentinamunicipal.com.ar\/argentina\/wp-json\/wp\/v2\/posts\/63974\/revisions"}],"wp:featuredmedia":[{"embeddable":true,"href":"http:\/\/argentinamunicipal.com.ar\/argentina\/wp-json\/wp\/v2\/media\/63975"}],"wp:attachment":[{"href":"http:\/\/argentinamunicipal.com.ar\/argentina\/wp-json\/wp\/v2\/media?parent=63974"}],"wp:term":[{"taxonomy":"category","embeddable":true,"href":"http:\/\/argentinamunicipal.com.ar\/argentina\/wp-json\/wp\/v2\/categories?post=63974"},{"taxonomy":"post_tag","embeddable":true,"href":"http:\/\/argentinamunicipal.com.ar\/argentina\/wp-json\/wp\/v2\/tags?post=63974"}],"curies":[{"name":"wp","href":"https:\/\/api.w.org\/{rel}","templated":true}]}}