{"id":64026,"date":"2017-06-12T07:28:42","date_gmt":"2017-06-12T10:28:42","guid":{"rendered":"http:\/\/argentinamunicipal.com.ar\/argentina\/?p=64026"},"modified":"2017-06-12T07:28:42","modified_gmt":"2017-06-12T10:28:42","slug":"fondos-jubilados-destino-sospecha","status":"publish","type":"post","link":"http:\/\/argentinamunicipal.com.ar\/argentina\/fondos-jubilados-destino-sospecha\/","title":{"rendered":"Fondos de jubilados con un destino bajo sospecha"},"content":{"rendered":"<p>Tras la denuncia contra Qatar por supuesto financiamiento al terrorismo, qued\u00f3 expuesto el acuerdo de Macri con ese pa\u00eds para aportar recursos del Fondo de Garant\u00eda a un poco transparente fondo de inversi\u00f3n mixto. Antecedentes y cuestionamientos.<\/p>\n<p>En un escenario altamente sensible, Argentina est\u00e1 jugando con fuego y sin el conocimiento necesario sobre prevenci\u00f3n de incendios. Seg\u00fan un trascendido que circul\u00f3 esta semana por el Palacio del Congreso, los representantes del gobierno argentino se vieron sorprendidos por la preocupaci\u00f3n de la canciller alemana Angela Merkel, transmitida (fuera de agenda) por un integrante de la misi\u00f3n que la acompa\u00f1\u00f3 a Buenos Aires a un funcionario muy cercano a Mauricio Macri, acerca de \u201clos acuerdos de inversi\u00f3n financiera\u201d de Argentina con el emirato de Qatar. Este pa\u00eds \u00e1rabe fue puesto en el ojo de la tormenta en los \u00faltimos d\u00edas por denuncias -promovidas por Arabia Saudita- de financiar al terrorismo isl\u00e1mico fundamentalista del Daesh (ISIS) en Medio Oriente. La postura de Merkel, a diferencia de la que asumi\u00f3 el presidente norteamericano Donald Trump, es de \u201ccautela\u201d y b\u00fasqueda de una soluci\u00f3n negociada al conflicto entre pa\u00edses \u00e1rabes, por lo cual promueve que sus socios comerciales no queden involucrados en el conflicto que reci\u00e9n se dispara pero no se sabe d\u00f3nde termina. Argentina firm\u00f3 el a\u00f1o pasado dos acuerdos con el gobierno de Qatar, un Tratado sobre Promoci\u00f3n y Protecci\u00f3n Rec\u00edproca de Inversiones, y un memorandum de entendimiento para la creaci\u00f3n de un fondo de inversi\u00f3n. Lo que preocupa es el segundo, porque se trata de un acuerdo muy poco transparente, que administrar\u00eda un privado al que se lo habilita para manejarse a trav\u00e9s de cuentas offshore, jam\u00e1s pas\u00f3 por el Congreso ni tuvo una intervenci\u00f3n clara de Canciller\u00eda. No es el mejor antecedente como carta de presentaci\u00f3n para \u201centrar al Mundo\u201d, como promueve el gobierno.<\/p>\n<p>El memorandum de entendimiento con Qatar compromete la asociaci\u00f3n de un fondo de inversi\u00f3n de ese pa\u00eds con el Fondo de Garant\u00eda de Sustentabilidad (FGS) de la Anses. Su falta de transparencia fue cuestionada tanto a nivel parlamentario como en los estrados judiciales, donde a\u00fan contin\u00faa a la espera del resultado de una apelaci\u00f3n. P\u00e1gina 12 consult\u00f3 al diputado nacional Guillermo Carmona (FpV), que junto a su par Horacio Alonso (Frente Renovador), formularon la denuncia judicial por diversas irregularidades detectadas en el acuerdo. Entre ellas, seg\u00fan describi\u00f3 el primero a este diario, desnaturalizar el sentido del FGS, utilizaci\u00f3n de los recursos de respaldo de las jubilaciones en fines no autorizados, permitir su manejo por parte de terceros privados, haber facilitado el acceso a informaci\u00f3n confidencial a privados, habilitar el manejo de los fondos a trav\u00e9s de cuentas offshore, m\u00e1s el incumplimiento de sus deberes por parte de funcionarios de Canciller\u00eda.<\/p>\n<p>El curioso acuerdo entre Anses y el fondo de inversi\u00f3n Qatar Investment Authority (QIA) qued\u00f3 plasmado en un memorandum de entendimiento suscripto el 7 de noviembre de 2016, con la firma del entonces subdirector ejecutivo del FGS, Luis Mar\u00eda Blaquier, y el CEO del fondo qatar\u00ed, Abdulla Bin Mohammed Bin Saud Al-Thani. Este fondo se presenta en el documento como \u201corganismo gubernamental del Emirato de Qatar\u201d. El documento respectivo no s\u00f3lo no fue publicado por Canciller\u00eda, como corresponde y habitualmente hace el Palacio San Mart\u00edn, sino que cuando fue solicitado por el Congreso, el Ministerio de Relaciones Exteriores se excus\u00f3 se\u00f1alando que no lo ten\u00eda a disposici\u00f3n. Tiempo despu\u00e9s, y tras insistentes presiones, la Anses lo entreg\u00f3.<\/p>\n<p>\u201cRepresentantes de QIA y FGS est\u00e1n manteniendo conversaciones y eval\u00faan concluir negociaciones para la creaci\u00f3n de un fondo de inversi\u00f3n cerrado, para invertir potencialmente mediante t\u00edtulos o valores representativos de deuda, administrado por un tercero con la instrucci\u00f3n de invertir principalmente en activos de infraestructura exclusivamente en la Rep\u00fablica Argentina\u201d. Es decir, no descarta que el dinero tenga otro destino distinto a activos de infraestructura, que s\u00f3lo en ese caso ser\u00edan exclusivamente destinados al pa\u00eds.<\/p>\n<p>M\u00e1s adelante, el memorandum especifica que \u201cse prev\u00e9 un fondo objetivo de 1000 millones de d\u00f3lares\u201d. \u201cLas Partes confirman que sus conversaciones incluyen la evaluaci\u00f3n de la designaci\u00f3n de un tercero administrador de la inversi\u00f3n para el Fondo propuesto y cualquier Fondo paralelo. Es intenci\u00f3n de las Partes otorgar al administrador designado derechos de inversi\u00f3n totalmente discrecionales (dentro del \u00e1mbito de la estrategia de inversi\u00f3n aprobada del Fondo)\u201d. Las pocas especificaciones acerca de la identidad del administrador es que ser\u00e1 elegido por acuerdo entre las partes, deber\u00e1 tener experiencia a nivel mundial y capacidad financiera propia.<\/p>\n<p>\u201cLa estructura del Fondo propuesto, y de cualquier Fondo paralelo, deber\u00e1 ser conversada entre las Partes, conjuntamente con el Administrador, con vistas a garantizar la mayor eficiencia desde el punto de vista tributario, incluyendo la provisi\u00f3n de una estructura offshore para la inversi\u00f3n por parte de QIA en activos en la Rep\u00fablica Argentina, si se determinara que ello es necesario o aconsejable\u201d.<\/p>\n<p>Pero el administrador no solamente contar\u00eda con derecho discrecional a disponer de los recursos y \u201cla provisi\u00f3n de una estructura offshore\u201d para su manejo, sino que ser\u00eda adem\u00e1s socio capitalista en el Fondo a crearse.<\/p>\n<p>\u201cLas suscripciones del Fondo propuesto incluir\u00e1n: 1) suscripciones de QIA, o una o m\u00e1s de sus entidades subsidiarias o afiliadas, 2) montos que se propone sean aportados por el FGS, 3) montos aportados por el Administrador designado, 4) montos aportados por terceros inversores, a trav\u00e9s del Fondo propuesto o cualquier coinversi\u00f3n o veh\u00edculo de inversi\u00f3n paralela\u201d.<\/p>\n<p>Bien se sabe a esta altura: la trama de cuentas offshore, entidades subsidiarias, coinversi\u00f3n o \u201cveh\u00edculos de inversi\u00f3n paralela\u201d para el manejo de colocaciones financieras, son distintas formas de ocultamiento y evasi\u00f3n. En este caso, mecanismos que se intentan aplicar a un acuerdo supuestamente de inversi\u00f3n en infraestructura que se plantea con un socio bajo sospecha, al que se lo asocia al manejo de recursos que sustentan el sistema jubilatorio argentino.<\/p>\n<p>Seg\u00fan inform\u00f3 el diputado Carmona a este diario, cuando intent\u00f3 que la Comisi\u00f3n de Relaciones Exteriores de Diputados convocara a las autoridades a dar explicaciones sobre el acuerdo, su presidenta, Elisa Carri\u00f3, se neg\u00f3 a reunir a la comisi\u00f3n para tratarlo. En las \u00faltimas semanas, Carri\u00f3 renunci\u00f3 llamativamente a la Comisi\u00f3n, justo despu\u00e9s de cuestionar al sucesor de Susana Malcorra y en el momento que el bloqueo de cinco pa\u00edses \u00e1rabes a Qatar, y la denuncia por el manejo de sus fondos, tomaba estado p\u00fablico a nivel mundial. Si es cierto el reclamo de Merkel sobre el asunto y aquel memorandum de entendimiento vuelve al primer plano, puede haber m\u00e1s repercusiones internas. Por lo pronto, la causa judicial promovida por la fiscal Paloma Ochoa, que el juez Daniel Rafecas desestim\u00f3 en su momento, todav\u00eda espera respuesta de c\u00e1mara, ante la cual la fiscal apel\u00f3.<\/p>\n<h6>Fuente: P\u00e1gina 12<\/h6>\n","protected":false},"excerpt":{"rendered":"<p>Tras la denuncia contra Qatar por supuesto financiamiento al terrorismo, qued\u00f3 expuesto el acuerdo de Macri con ese pa\u00eds para aportar recursos del Fondo de Garant\u00eda a un poco transparente fondo de inversi\u00f3n mixto. Antecedentes y cuestionamientos.<\/p>\n","protected":false},"author":2,"featured_media":64027,"comment_status":"closed","ping_status":"closed","sticky":false,"template":"","format":"standard","meta":{"footnotes":""},"categories":[8],"tags":[21],"class_list":["post-64026","post","type-post","status-publish","format-standard","has-post-thumbnail","hentry","category-informe-nacional","tag-argentina"],"_links":{"self":[{"href":"http:\/\/argentinamunicipal.com.ar\/argentina\/wp-json\/wp\/v2\/posts\/64026","targetHints":{"allow":["GET"]}}],"collection":[{"href":"http:\/\/argentinamunicipal.com.ar\/argentina\/wp-json\/wp\/v2\/posts"}],"about":[{"href":"http:\/\/argentinamunicipal.com.ar\/argentina\/wp-json\/wp\/v2\/types\/post"}],"author":[{"embeddable":true,"href":"http:\/\/argentinamunicipal.com.ar\/argentina\/wp-json\/wp\/v2\/users\/2"}],"replies":[{"embeddable":true,"href":"http:\/\/argentinamunicipal.com.ar\/argentina\/wp-json\/wp\/v2\/comments?post=64026"}],"version-history":[{"count":0,"href":"http:\/\/argentinamunicipal.com.ar\/argentina\/wp-json\/wp\/v2\/posts\/64026\/revisions"}],"wp:featuredmedia":[{"embeddable":true,"href":"http:\/\/argentinamunicipal.com.ar\/argentina\/wp-json\/wp\/v2\/media\/64027"}],"wp:attachment":[{"href":"http:\/\/argentinamunicipal.com.ar\/argentina\/wp-json\/wp\/v2\/media?parent=64026"}],"wp:term":[{"taxonomy":"category","embeddable":true,"href":"http:\/\/argentinamunicipal.com.ar\/argentina\/wp-json\/wp\/v2\/categories?post=64026"},{"taxonomy":"post_tag","embeddable":true,"href":"http:\/\/argentinamunicipal.com.ar\/argentina\/wp-json\/wp\/v2\/tags?post=64026"}],"curies":[{"name":"wp","href":"https:\/\/api.w.org\/{rel}","templated":true}]}}