{"id":64029,"date":"2017-06-12T07:36:00","date_gmt":"2017-06-12T10:36:00","guid":{"rendered":"http:\/\/argentinamunicipal.com.ar\/argentina\/?p=64029"},"modified":"2017-06-12T07:36:00","modified_gmt":"2017-06-12T10:36:00","slug":"siete-anos-creacion-parque-nacional-santa-fe-no-puede-visitarse","status":"publish","type":"post","link":"http:\/\/argentinamunicipal.com.ar\/argentina\/siete-anos-creacion-parque-nacional-santa-fe-no-puede-visitarse\/","title":{"rendered":"A siete a\u00f1os de su creaci\u00f3n, el parque nacional de Santa Fe no puede visitarse"},"content":{"rendered":"<p>Fue creado en 2010 pero todav\u00eda no est\u00e1 habilitado. Desde la Administraci\u00f3n de Parques Nacionales explicaron que \u00abson procesos largos\u00bb<\/p>\n<p>El \u00fanico parque nacional en territorio santafesino todav\u00eda no puede visitarse, no tiene infraestructura y a\u00fan depende administrativamente del parque nacional Pre Delta ubicado en Diamante, Entre R\u00edos, a pesar de que ya pasaron siete a\u00f1os desde su creaci\u00f3n v\u00eda publicaci\u00f3n en el bolet\u00edn oficial de la Naci\u00f3n y nueve a\u00f1os desde que la legislatura santafesina aprobara la cesi\u00f3n de tierras al Estado nacional.<\/p>\n<p>El parque nacional Islas de Santa Fe tiene una extensi\u00f3n de 4.096 hect\u00e1reas pertenecientes a la ecorregi\u00f3n Delta e Islas del Paran\u00e1 con un grado incre\u00edble de biodiversidad de fauna y flora. Canutillos, pajonales, curup\u00edes y ceibos conviven con animales como lobitos de r\u00edo y carpinchos, y aves como pollona azul, gallito de agua, gallinetas y chaj\u00e1s.<\/p>\n<p>A pesar de lo que podr\u00eda significar para el ecoturismo en la regi\u00f3n as\u00ed como lugar de estudio privilegiado para cient\u00edficos y acad\u00e9micos, las visitas al parque todav\u00eda no est\u00e1n habilitadas, no hay servicio de lanchas y a\u00fan aquel que pueda disfrutar del paisaje teniendo una embarcaci\u00f3n propia no encontrar\u00e1 mucho si se adentra en las islas que conforman el \u00e1rea protegida.<\/p>\n<p>As\u00ed lo explicita la web de Parques Nacionales (www.parquesnacionales.gob.ar), donde en el apartado sobre \u00abTarifas y horarios\u00bb dedicado a Islas de Santa Fe especifica que \u00aba\u00fan no est\u00e1 permitida su visita\u00bb, mientras que en la pesta\u00f1a que permite averiguar \u00abC\u00f3mo llegar\u00bb se informa que el portal de entrada ser\u00e1 Puerto Gaboto, \u00abdesde cuyo embarcadero hay apenas una hora de lancha al parque\u00bb.El problema es que, hasta el momento, no hay ni muelles ni embarcaciones que hagan el trayecto.<\/p>\n<p>Desde la Secretar\u00eda de Turismo de Santa Fe confirmaron que el parque no est\u00e1 habilitado a\u00fan al publico, y adelantaron que seg\u00fan sostienen desde Parques Nacionales \u00abest\u00e1n avanzadas las instancias para una pr\u00f3xima habilitaci\u00f3n parcial\u00bb.<\/p>\n<p>De hecho, hace pocas semanas el ministro de Medio Ambiente de la provincia, Jacinto Speranza, mantuvo una reuni\u00f3n con el director regional de la Administraci\u00f3n de Parques Nacionales, Guillermo Mart\u00edn, con la idea de coordinar acciones para avanzar en el desarrollo de la infraestructura del parque y su conectividad con el continente santafesino.<\/p>\n<p>Tambi\u00e9n se analizaron las posibles estrategias de conexi\u00f3n al parque desde la localidad santafesina m\u00e1s cercana, Puerto Gaboto, y de las grandes ciudades como Rosario y Santa Fe.<\/p>\n<p>Todas iniciativas que podr\u00edan verse a\u00fan m\u00e1s demoradas por la crecida estacional del Paran\u00e1, que \u2014como ocurre regularmente\u2014 subi\u00f3 significativamente el nivel de sus aguas complicando las eventuales tareas para comenzar a levantar algo de infraestructura.<\/p>\n<p>Cuesti\u00f3n nacional.<\/p>\n<p>Seg\u00fan explicaron desde la Regional Centro-Este de la Administraci\u00f3n de Parques Nacionales, el Islas de Santa Fe \u00abest\u00e1 en etapa de consolidaci\u00f3n\u00bb, un proceso que no es f\u00e1cil ya que las frecuentes crecidas demoran las obras previstas.<\/p>\n<p>\u00abNo es f\u00e1cil ingresar y hay que hacer tareas de peque\u00f1o dragado, el acceso es por agua y eso siempre conlleva costos\u00bb explicaron, para agregar que \u00absiempre durante los primeros a\u00f1os de la creaci\u00f3n de un parque nacional se demora la instalaci\u00f3n definitiva\u00bb, aunque tambi\u00e9n admitieron que \u00abser\u00eda deseable que el proceso fuera m\u00e1s r\u00e1pido\u00bb.<\/p>\n<p>Tambi\u00e9n se\u00f1alaron que \u00abva a ser dif\u00edcil\u00bb que este a\u00f1o se avance de manera concreta, una situaci\u00f3n que empeor\u00f3 con la actual crecida del Paran\u00e1.<\/p>\n<p>Por su parte Hern\u00e1n Britos, el intendente del Pre Delta, explic\u00f3 que administrativamente el parque santafesino depende de su direcci\u00f3n: \u00abOperativamente lo estamos asistiendo porque es la forma m\u00e1s r\u00e1pida de llegar\u00bb.<\/p>\n<p>Tambi\u00e9n dijo que en la zona de islas hay un guardaparque trabajando, y que la intenci\u00f3n es delimitar una zona de uso p\u00fablico donde se pueda descender de la embarcaci\u00f3n y quedarse a pasar el d\u00eda.<\/p>\n<p>\u00abTodav\u00eda el parque no est\u00e1 habilitado pero el personal del Pre Delta pasa por all\u00ed todos los d\u00edas con patrullas de control y vigilancia\u00bb, dijo Britos, quien agreg\u00f3 que, como ocurre siempre en zonas de islas, los trabajos de log\u00edstica \u00abson muy complicados\u00bb, ya que todo debe llevarse en embarcaciones y el clima suele ser un obst\u00e1culo para lograr los objetivos.<\/p>\n<h6>Fuente: Uno Santa Fe<\/h6>\n","protected":false},"excerpt":{"rendered":"<p>Fue creado en 2010 pero todav\u00eda no est\u00e1 habilitado. Desde la Administraci\u00f3n de Parques Nacionales explicaron que \u00abson procesos largos\u00bb<\/p>\n","protected":false},"author":2,"featured_media":64030,"comment_status":"closed","ping_status":"closed","sticky":false,"template":"","format":"standard","meta":{"footnotes":""},"categories":[2],"tags":[10],"class_list":["post-64029","post","type-post","status-publish","format-standard","has-post-thumbnail","hentry","category-informe-municipal","tag-santa-fe"],"_links":{"self":[{"href":"http:\/\/argentinamunicipal.com.ar\/argentina\/wp-json\/wp\/v2\/posts\/64029","targetHints":{"allow":["GET"]}}],"collection":[{"href":"http:\/\/argentinamunicipal.com.ar\/argentina\/wp-json\/wp\/v2\/posts"}],"about":[{"href":"http:\/\/argentinamunicipal.com.ar\/argentina\/wp-json\/wp\/v2\/types\/post"}],"author":[{"embeddable":true,"href":"http:\/\/argentinamunicipal.com.ar\/argentina\/wp-json\/wp\/v2\/users\/2"}],"replies":[{"embeddable":true,"href":"http:\/\/argentinamunicipal.com.ar\/argentina\/wp-json\/wp\/v2\/comments?post=64029"}],"version-history":[{"count":0,"href":"http:\/\/argentinamunicipal.com.ar\/argentina\/wp-json\/wp\/v2\/posts\/64029\/revisions"}],"wp:featuredmedia":[{"embeddable":true,"href":"http:\/\/argentinamunicipal.com.ar\/argentina\/wp-json\/wp\/v2\/media\/64030"}],"wp:attachment":[{"href":"http:\/\/argentinamunicipal.com.ar\/argentina\/wp-json\/wp\/v2\/media?parent=64029"}],"wp:term":[{"taxonomy":"category","embeddable":true,"href":"http:\/\/argentinamunicipal.com.ar\/argentina\/wp-json\/wp\/v2\/categories?post=64029"},{"taxonomy":"post_tag","embeddable":true,"href":"http:\/\/argentinamunicipal.com.ar\/argentina\/wp-json\/wp\/v2\/tags?post=64029"}],"curies":[{"name":"wp","href":"https:\/\/api.w.org\/{rel}","templated":true}]}}