{"id":64038,"date":"2017-06-12T05:43:57","date_gmt":"2017-06-12T08:43:57","guid":{"rendered":"http:\/\/argentinamunicipal.com.ar\/argentina\/?p=64038"},"modified":"2017-06-12T07:46:07","modified_gmt":"2017-06-12T10:46:07","slug":"la-escuela-publica-itinerante-llega-hoy-santa-fe","status":"publish","type":"post","link":"http:\/\/argentinamunicipal.com.ar\/argentina\/la-escuela-publica-itinerante-llega-hoy-santa-fe\/","title":{"rendered":"La escuela p\u00fablica itinerante llega hoy a Santa Fe"},"content":{"rendered":"<p>Desde el lunes 12 y hasta el 14 de junio pr\u00f3ximo, la propuesta organizada por la Ctera estar\u00e1 instalada en la Plaza 25 de Mayo.<\/p>\n<p>El acto de apertura ser\u00e1 ma\u00f1ana, a las 9, en la Plaza 25 de Mayo, donde la Escuela permanecer\u00e1 hasta el mi\u00e9rcoles 14. En esos d\u00edas est\u00e1n programadas charlas y jornadas art\u00edsticas, con la participaci\u00f3n de reconocidos educadores y referentes de organizaciones sociales y sindicales.<\/p>\n<p>En di\u00e1logo con UNO Santa Fe, Rodrigo Alonso, secretario Adjunto de Amsaf\u00e9 La Capital, expres\u00f3 \u00abcon la llegada de la Escuela Itinerante a Santa Fe se busca darle continuidad a esta exigencia con el fin de que el gobierno nacional nos convoque a discutir la paritaria nacional docente; y no solamente un piso salarial, sino tambi\u00e9n condiciones laborales dignas\u00bb.<\/p>\n<p>Asimismo, el hombre asegur\u00f3 que la actividad busca adem\u00e1s reflejar que los docentes de todo el pa\u00eds quieren \u00abexigir el cumplimiento de la ley de financiamiento educativo, para lograr mejores condiciones en todos los procesos de ense\u00f1anza y aprendizaje en la escuela p\u00fablica\u00bb.<\/p>\n<p>En detalle<\/p>\n<p>El lunes, tras la inauguraci\u00f3n e izamiento de bandera, est\u00e1 previsto que se lleve a cabo la charla \u00abFinanciamiento Educativo\u00bb, a cargo de Adriana Puiggr\u00f3s y Diego Rubinzal; a las 14 se desarrollar\u00e1 otra, titulada \u00abEducaci\u00f3n y Derechos Humanos, a cargo del Foro contra la Impunidad y la Justicia; y continuar\u00e1 con una \u00faltima a las 18, denominada \u00abAn\u00e1lisis Cr\u00edtico del Plan Maestro\u00bb donde entre otros disertar\u00e1 Hugo Yasky.<\/p>\n<p>Ese mismo d\u00eda, a las 15, habr\u00e1 una jornada art\u00edstica para escuelas secundarias y a las 19 se cerrar\u00e1 con un festival folkl\u00f3rico donde se presentar\u00e1n docentes de San Crist\u00f3bal, Vera, San Justo y tambi\u00e9n de la ciudad capital de la provincia.<\/p>\n<p>El martes 13 la Escuela continuar\u00e1 desde las 9 con la charla \u00abDesaf\u00edos de la Educaci\u00f3n T\u00e9cnica frente al Ajuste\u00bb; seguir\u00e1 a las 10 con una jornada recreativa que tendr\u00e1 como eje la erradicaci\u00f3n del trabajo infantil y con charlas orientadas a la concientizaci\u00f3n de tem\u00e1ticas como \u00absalud y seguridad en el \u00e1mbito docente, educaci\u00f3n ambiental, y un abordaje sobre el \u00abMovimiento Pedag\u00f3gico Latinoamericano\u00bb. Cerrar\u00e1 a las 19 con un Festival de Murgas.<\/p>\n<p>Por \u00faltimo el mi\u00e9rcoles, habr\u00e1 dos actividades: a las 10 se iniciar\u00e1 con una jornada recreativa por la inclusi\u00f3n, denominada \u00abEn la Escuela P\u00fablica Jugamos Todxs\u00bb; y a las 12 se realizar\u00e1 el acto de cierre que anunciar\u00e1 el traslado del espacio a la ciudad de Rosario, donde permanecer\u00e1 hasta el 19 de junio en la Plaza Montenegro (San Luis y San Mart\u00edn). All\u00ed est\u00e1 previsto que se desarrollen tambi\u00e9n debates y actividades art\u00edsticas de gran apertura para todas las edades.<\/p>\n<p>Cabe destacar que la Escuela P\u00fablica Itinerante se inici\u00f3 a principios de abril pasado frente al Congreso de la Naci\u00f3n, donde permaneci\u00f3 por 24 d\u00edas y la visitaron miles de personas. M\u00e1s informaci\u00f3n en el Facebook: Escuela Itinerante.<\/p>\n<h6>\nFuente: Sin Mordaza<\/h6>\n","protected":false},"excerpt":{"rendered":"<p>Desde el lunes 12 y hasta el 14 de junio pr\u00f3ximo, la propuesta organizada por la Ctera estar\u00e1 instalada en la Plaza 25 de Mayo.<\/p>\n","protected":false},"author":2,"featured_media":64039,"comment_status":"closed","ping_status":"closed","sticky":false,"template":"","format":"standard","meta":{"footnotes":""},"categories":[2],"tags":[10],"class_list":["post-64038","post","type-post","status-publish","format-standard","has-post-thumbnail","hentry","category-informe-municipal","tag-santa-fe"],"_links":{"self":[{"href":"http:\/\/argentinamunicipal.com.ar\/argentina\/wp-json\/wp\/v2\/posts\/64038","targetHints":{"allow":["GET"]}}],"collection":[{"href":"http:\/\/argentinamunicipal.com.ar\/argentina\/wp-json\/wp\/v2\/posts"}],"about":[{"href":"http:\/\/argentinamunicipal.com.ar\/argentina\/wp-json\/wp\/v2\/types\/post"}],"author":[{"embeddable":true,"href":"http:\/\/argentinamunicipal.com.ar\/argentina\/wp-json\/wp\/v2\/users\/2"}],"replies":[{"embeddable":true,"href":"http:\/\/argentinamunicipal.com.ar\/argentina\/wp-json\/wp\/v2\/comments?post=64038"}],"version-history":[{"count":0,"href":"http:\/\/argentinamunicipal.com.ar\/argentina\/wp-json\/wp\/v2\/posts\/64038\/revisions"}],"wp:featuredmedia":[{"embeddable":true,"href":"http:\/\/argentinamunicipal.com.ar\/argentina\/wp-json\/wp\/v2\/media\/64039"}],"wp:attachment":[{"href":"http:\/\/argentinamunicipal.com.ar\/argentina\/wp-json\/wp\/v2\/media?parent=64038"}],"wp:term":[{"taxonomy":"category","embeddable":true,"href":"http:\/\/argentinamunicipal.com.ar\/argentina\/wp-json\/wp\/v2\/categories?post=64038"},{"taxonomy":"post_tag","embeddable":true,"href":"http:\/\/argentinamunicipal.com.ar\/argentina\/wp-json\/wp\/v2\/tags?post=64038"}],"curies":[{"name":"wp","href":"https:\/\/api.w.org\/{rel}","templated":true}]}}