{"id":64041,"date":"2017-06-12T05:48:47","date_gmt":"2017-06-12T08:48:47","guid":{"rendered":"http:\/\/argentinamunicipal.com.ar\/argentina\/?p=64041"},"modified":"2017-06-12T07:50:43","modified_gmt":"2017-06-12T10:50:43","slug":"promoveran-la-gestion-responsable-residuos-urbanos-san-lorenzo","status":"publish","type":"post","link":"http:\/\/argentinamunicipal.com.ar\/argentina\/promoveran-la-gestion-responsable-residuos-urbanos-san-lorenzo\/","title":{"rendered":"Promover\u00e1n la gesti\u00f3n responsable de residuos urbanos en San Lorenzo"},"content":{"rendered":"<p>Para lograr mayor eficiencia en el manejo de los desechos s\u00f3lidos urbanos se dictar\u00e1n cursos en escuelas primarias y secundarias.<\/p>\n<p>A partir de un convenio entre la Universidad Cat\u00f3lica Argentina (UCA) y la Municipalidad de San Lorenzo, alumnos avanzados de la carrera de Ingenier\u00eda Ambiental dictar\u00e1n contenidos adaptados a los niveles primario y secundario. La actividad se llevar\u00e1 a cabo en el marco del programa de clasificaci\u00f3n de residuos s\u00f3lidos urbanos en origen que el municipio ejecuta en los barrios de la ciudad.<\/p>\n<p>El pasado 5 de junio se celebr\u00f3 el D\u00eda Mundial del Medio Ambiente y en este marco la Subsecretar\u00eda de Preservaci\u00f3n del Medio Ambiente sanlorencina lanz\u00f3 un ciclo de charlas de concientizaci\u00f3n que desarrollar\u00e1 en las escuelas primarias y secundarias.<\/p>\n<p>Con el objetivo de generar conciencia desde las etapas iniciales de la educaci\u00f3n formal, puntualmente, se abordar\u00e1n la clasificaci\u00f3n y el reciclado de residuos, as\u00ed como el cuidado de los espacios p\u00fablicos que el Estado municipal promueve a trav\u00e9s de un programa integral de clasificaci\u00f3n en origen de desechos domiciliarios.<\/p>\n<p>Cabe recordar que a principios del mes pasado, el \u00e1rea municipal complet\u00f3 la colocaci\u00f3n de 24 nuevos contenedores que conformaron otras 12 isletas para la separaci\u00f3n en origen de residuos domiciliarios. De este modo, suman 17 las estaciones para la disposici\u00f3n de vidrio, por un lado, y papel y cart\u00f3n por otro, que se instalaron en sectores estrat\u00e9gicos de la ciudad.<\/p>\n<p>La iniciativa se instituy\u00f3 como una pol\u00edtica sustentable de gesti\u00f3n de residuos, tendiente a cumplir con el cronograma de acciones de la ley de \u00abbasura cero\u00bb, la que se propone eliminar, para el a\u00f1o 2030, el desecho de residuos reciclables en los rellenos sanitarios.<\/p>\n<p>Este sistema genera beneficios como el ahorro de materia prima, agua y energ\u00eda, as\u00ed como la recuperaci\u00f3n de materiales \u00fatiles como vidrios, metales, pl\u00e1sticos, cartones y papeles que, a trav\u00e9s de un proceso determinado, pueden ser reconvertidos para otros usos.<\/p>\n<p><strong>Volumen<\/strong><\/p>\n<p>El intendente, Leonardo Raimundo, destac\u00f3 la importancia del programa, que adem\u00e1s ordena el trabajo de los recolectores informales de materiales y permite al municipio reducir el volumen de basura que genera la poblaci\u00f3n y lograr mayor eficiencia en su manejo.<\/p>\n<p>Un estudio hecho por profesionales de la Universidad Nacional de Rosario a fines de 2016 revel\u00f3 que ese a\u00f1o se recuperaron en San Lorenzo 970 toneladas de papel y cart\u00f3n y 318 toneladas de vidrio.<\/p>\n<p>En forma paralela, el municipio distribuy\u00f3 bicicarros entre 12 trabajadores del rubro para erradicar la tracci\u00f3n a sangre. \u00abSe trata de una pol\u00edtica integral que apunta a modificar h\u00e1bitos con un sentido ecol\u00f3gico y responsable desde cada ciudadano\u00bb, manifest\u00f3 el primer mandatario local.<\/p>\n<h6>Fuente: La capital Rosario<\/h6>\n","protected":false},"excerpt":{"rendered":"<p>Para lograr mayor eficiencia en el manejo de los desechos s\u00f3lidos urbanos se dictar\u00e1n cursos en escuelas primarias y secundarias.<\/p>\n","protected":false},"author":2,"featured_media":64042,"comment_status":"closed","ping_status":"closed","sticky":false,"template":"","format":"standard","meta":{"footnotes":""},"categories":[2],"tags":[10],"class_list":["post-64041","post","type-post","status-publish","format-standard","has-post-thumbnail","hentry","category-informe-municipal","tag-santa-fe"],"_links":{"self":[{"href":"http:\/\/argentinamunicipal.com.ar\/argentina\/wp-json\/wp\/v2\/posts\/64041","targetHints":{"allow":["GET"]}}],"collection":[{"href":"http:\/\/argentinamunicipal.com.ar\/argentina\/wp-json\/wp\/v2\/posts"}],"about":[{"href":"http:\/\/argentinamunicipal.com.ar\/argentina\/wp-json\/wp\/v2\/types\/post"}],"author":[{"embeddable":true,"href":"http:\/\/argentinamunicipal.com.ar\/argentina\/wp-json\/wp\/v2\/users\/2"}],"replies":[{"embeddable":true,"href":"http:\/\/argentinamunicipal.com.ar\/argentina\/wp-json\/wp\/v2\/comments?post=64041"}],"version-history":[{"count":0,"href":"http:\/\/argentinamunicipal.com.ar\/argentina\/wp-json\/wp\/v2\/posts\/64041\/revisions"}],"wp:featuredmedia":[{"embeddable":true,"href":"http:\/\/argentinamunicipal.com.ar\/argentina\/wp-json\/wp\/v2\/media\/64042"}],"wp:attachment":[{"href":"http:\/\/argentinamunicipal.com.ar\/argentina\/wp-json\/wp\/v2\/media?parent=64041"}],"wp:term":[{"taxonomy":"category","embeddable":true,"href":"http:\/\/argentinamunicipal.com.ar\/argentina\/wp-json\/wp\/v2\/categories?post=64041"},{"taxonomy":"post_tag","embeddable":true,"href":"http:\/\/argentinamunicipal.com.ar\/argentina\/wp-json\/wp\/v2\/tags?post=64041"}],"curies":[{"name":"wp","href":"https:\/\/api.w.org\/{rel}","templated":true}]}}