{"id":64044,"date":"2017-06-12T05:51:20","date_gmt":"2017-06-12T08:51:20","guid":{"rendered":"http:\/\/argentinamunicipal.com.ar\/argentina\/?p=64044"},"modified":"2017-06-12T07:54:58","modified_gmt":"2017-06-12T10:54:58","slug":"angela-merkel-hablo-los-30-000-desaparecidos-argentinos-la-dictadura","status":"publish","type":"post","link":"http:\/\/argentinamunicipal.com.ar\/argentina\/angela-merkel-hablo-los-30-000-desaparecidos-argentinos-la-dictadura\/","title":{"rendered":"Angela Merkel habl\u00f3 de los 30.000 desaparecidos argentinos durante la dictadura"},"content":{"rendered":"<p>La canciller de Alemania public\u00f3 ayer en Instagram las fotos de su visita al Parque de la Memoria. Dijo que la dictadura fue \u00abde las m\u00e1s sangrientas de Am\u00e9rica Latina, con 30 mil v\u00edctimas, incluyendo alemanes\u00bb.<\/p>\n<p>Para \u00c1ngela Merkel, est\u00e1 fuera de discusi\u00f3n el n\u00famero de desaparecidos de la \u00faltima dictadura militar: son 30 mil. La canciller de Alemania lo dej\u00f3 en claro en una publicaci\u00f3n que ayer realiz\u00f3 en su cuenta de Instagram para dar testimonio de su visita al Parque de la Memoria en su reciente paso por la Argentina. All\u00ed record\u00f3 que la dictadura \u00abfue una de las m\u00e1s sangrientas de Am\u00e9rica Latina, con hasta 30.000 v\u00edctimas, incluyendo alemanes\u00bb.Lo que algunos desde el gobierno de Cambiemos quieren instalar como duda, a la par del retroceso de las pol\u00edticas de Memoria, Verdad y Justicia que se registra desde la llegada de Mauricio Macri a la Presidencia, fue desestimado por la dirigente alemana. erkel estuvo el jueves \u00faltimo en Buenos Aires. Permaneci\u00f3 apenas un d\u00eda, pero a\u00fan se hizo tiempo en su agenda para visitar el Parque de la Memoria, que junto al R\u00edo de la Plata recuerda a las v\u00edctimas del terrorismo de Estado, cuyo n\u00famero fue puesto en entredicho por funcionarios de Cambiemos.<\/p>\n<p>En la cuenta oficial de Instagram de la canciller alemana hay dos posteos que reflejan su presencia en ese lugar. Uno dice que arroj\u00f3 flores al r\u00edo en homenaje a las v\u00edctimas y est\u00e1 ilustrado con la foto del momento en que lo hizo.<\/p>\n<p>\u201cEn recuerdo de las v\u00edctimas de la dictadura militar, la canciller Merkel se re\u00fane con los supervivientes de los asesinados y desaparecidos @parquedelamemoria. La dictadura militar argentina de 1976 a 1983 fue una de las m\u00e1s sangrientas de Am\u00e9rica Latina, con hasta 30.000 v\u00edctimas, incluyendo alemanes\u00bb, dice el otro posteo de la canciller dem\u00f3crata-cristiana. A Merkel se la ve all\u00ed repasando los nombres de los desaparecidos en el muro del Parque de la Memoria que los recuerda y tambi\u00e9n con Vera Jarach, la integrantes de Madres de Plaza de Mayo L\u00ednea Fundadora, que se acerc\u00f3 a contarle la historia de su familia.<\/p>\n<p>Jarach llevaba ese d\u00eda colgado un cartel con la leyenda \u201cSon 30 mil\u201d. Una de las tres fotos que acompa\u00f1an esa publicaci\u00f3n de Merkel es justamente un primer plano de ese cartel. Durante el di\u00e1logo que mantuvieron en el Parque de la Memoria, Jarach le relat\u00f3 a Merkel que tuvo que abandonar Alemania por el nazismo, la muerte de su abuelo en el campo de exterminio de Auschwitz y la desaparici\u00f3n, d\u00e9cadas m\u00e1s tarde, de su hija de 18 a\u00f1os a manos de la represi\u00f3n militar. Franca, la hija de Vera, estuvo cautiva en la ESMA y permanece desaparecida. Por testimonios de sobrevivientes, se sabe que fue arrojada en los vuelos de la muerte.Durante el breve di\u00e1logo, traductor mediante, Jarach le cont\u00f3 tambi\u00e9n a la canciller alemana del negacionismo del actual gobierno respecto de la cifra de 30 mil y aludi\u00f3 al caso de Dar\u00edo Lop\u00e9rfido, quien fue enviado por Macri a Alemania en misi\u00f3n diplom\u00e1tica.<\/p>\n<p>La \u00faltima manifestaci\u00f3n del impulso negacionista se dio justamente durante la estad\u00eda de Merkel en el pa\u00eds. La canciller de Alemania visit\u00f3 la sinagoga de la Libertad y C\u00f3rdoba y el diputado macrista Eduardo Amadeo escribi\u00f3 en su cuenta de Twitter que su paso por ese templo jud\u00edo \u201cdemuestra c\u00f3mo es posible y esencial la reconciliaci\u00f3n. El que quiera o\u00edr que oiga\u201d, como si Merkel fuese nazi por ser alemana y como si hubiese habido reconciliaci\u00f3n con los criminales de guerra alemanes, quienes por el contrario fueron juzgados por sus atrocidades.<\/p>\n<h6>Fuente: El Diario<\/h6>\n","protected":false},"excerpt":{"rendered":"<p>La canciller de Alemania public\u00f3 ayer en Instagram las fotos de su visita al Parque de la Memoria. Dijo que la dictadura fue \u00abde las m\u00e1s sangrientas de Am\u00e9rica Latina, con 30 mil v\u00edctimas, incluyendo alemanes\u00bb.<\/p>\n","protected":false},"author":2,"featured_media":64045,"comment_status":"closed","ping_status":"closed","sticky":false,"template":"","format":"standard","meta":{"footnotes":""},"categories":[8],"tags":[21],"class_list":["post-64044","post","type-post","status-publish","format-standard","has-post-thumbnail","hentry","category-informe-nacional","tag-argentina"],"_links":{"self":[{"href":"http:\/\/argentinamunicipal.com.ar\/argentina\/wp-json\/wp\/v2\/posts\/64044","targetHints":{"allow":["GET"]}}],"collection":[{"href":"http:\/\/argentinamunicipal.com.ar\/argentina\/wp-json\/wp\/v2\/posts"}],"about":[{"href":"http:\/\/argentinamunicipal.com.ar\/argentina\/wp-json\/wp\/v2\/types\/post"}],"author":[{"embeddable":true,"href":"http:\/\/argentinamunicipal.com.ar\/argentina\/wp-json\/wp\/v2\/users\/2"}],"replies":[{"embeddable":true,"href":"http:\/\/argentinamunicipal.com.ar\/argentina\/wp-json\/wp\/v2\/comments?post=64044"}],"version-history":[{"count":0,"href":"http:\/\/argentinamunicipal.com.ar\/argentina\/wp-json\/wp\/v2\/posts\/64044\/revisions"}],"wp:featuredmedia":[{"embeddable":true,"href":"http:\/\/argentinamunicipal.com.ar\/argentina\/wp-json\/wp\/v2\/media\/64045"}],"wp:attachment":[{"href":"http:\/\/argentinamunicipal.com.ar\/argentina\/wp-json\/wp\/v2\/media?parent=64044"}],"wp:term":[{"taxonomy":"category","embeddable":true,"href":"http:\/\/argentinamunicipal.com.ar\/argentina\/wp-json\/wp\/v2\/categories?post=64044"},{"taxonomy":"post_tag","embeddable":true,"href":"http:\/\/argentinamunicipal.com.ar\/argentina\/wp-json\/wp\/v2\/tags?post=64044"}],"curies":[{"name":"wp","href":"https:\/\/api.w.org\/{rel}","templated":true}]}}