{"id":64067,"date":"2017-06-12T08:24:54","date_gmt":"2017-06-12T11:24:54","guid":{"rendered":"http:\/\/argentinamunicipal.com.ar\/argentina\/?p=64067"},"modified":"2017-06-12T08:24:54","modified_gmt":"2017-06-12T11:24:54","slug":"una-encuesta-senala-66-no-cree-la-economia-mejore","status":"publish","type":"post","link":"http:\/\/argentinamunicipal.com.ar\/argentina\/una-encuesta-senala-66-no-cree-la-economia-mejore\/","title":{"rendered":"Una encuesta se\u00f1ala que el 66% no cree que la econom\u00eda mejore"},"content":{"rendered":"<p>Los resultados de la encuesta tampoco son alentadores en materia de inflaci\u00f3n: apenas el 28% cree que va a bajar.<br \/>\nSeg\u00fan un relevamiento de la consultora Centro de Estudios de Opini\u00f3n P\u00fablica (CEOP), el 66,1% de las personas considera que la econom\u00eda no mejorar\u00e1 en lo que resta del a\u00f1o, frente a un 33,9% que a\u00fan mantiene perspectivas positivas.<\/p>\n<p>El informe, que se public\u00f3 en el diario P\u00e1gina 12, da cuenta de que el escenario se repite con la desocupaci\u00f3n: el 70% de los encuestados afirma que no va a mejorar la situaci\u00f3n de empleo.<\/p>\n<p>Respecto a los \u00edndices de pobreza, el 78% considera que no habr\u00e1 evoluci\u00f3n en las cifras que dan cuenta de cu\u00e1ntos pobres hay en la Argentina.<\/p>\n<p>Los resultados de la encuesta tampoco son alentadores en materia de inflaci\u00f3n: apenas el 28% cree que va a bajar.<\/p>\n<p>Para la muestra de la consultora que lidera el soci\u00f3logo Roberto Bacman, fueron entrevistadas en total 1.200 personas de Capital Federal, Gran Buenos Aires y el interior del pa\u00eds, quienes tambi\u00e9n fueron consultados sobre la inseguridad, y el 71,8% consider\u00f3 que no habr\u00e1 mejoras.<\/p>\n<p>\u201cDos valores alarmantes a tener en cuenta. El 61,4% de los argentinos califican al gobierno de Cambiemos con un aplazo y el peor indicador sigue siendo la econom\u00eda. Otra vez la maldita econom\u00eda. Si se buscan m\u00e1s explicaciones y se pregunta acerca del balance de la gesti\u00f3n, las opiniones transitan el terreno de lo negativo. El peor balance radica en tres factores: el crecimiento de la pobreza, el manejo de la econom\u00eda y el control de la inflaci\u00f3n\u201d, remarc\u00f3 Bacman.<\/p>\n<h6>Fuente: ADN<\/h6>\n","protected":false},"excerpt":{"rendered":"<p>Los resultados de la encuesta tampoco son alentadores en materia de inflaci\u00f3n: apenas el 28% cree que va a bajar.<\/p>\n","protected":false},"author":2,"featured_media":64068,"comment_status":"closed","ping_status":"closed","sticky":false,"template":"","format":"standard","meta":{"footnotes":""},"categories":[8],"tags":[21],"class_list":["post-64067","post","type-post","status-publish","format-standard","has-post-thumbnail","hentry","category-informe-nacional","tag-argentina"],"_links":{"self":[{"href":"http:\/\/argentinamunicipal.com.ar\/argentina\/wp-json\/wp\/v2\/posts\/64067","targetHints":{"allow":["GET"]}}],"collection":[{"href":"http:\/\/argentinamunicipal.com.ar\/argentina\/wp-json\/wp\/v2\/posts"}],"about":[{"href":"http:\/\/argentinamunicipal.com.ar\/argentina\/wp-json\/wp\/v2\/types\/post"}],"author":[{"embeddable":true,"href":"http:\/\/argentinamunicipal.com.ar\/argentina\/wp-json\/wp\/v2\/users\/2"}],"replies":[{"embeddable":true,"href":"http:\/\/argentinamunicipal.com.ar\/argentina\/wp-json\/wp\/v2\/comments?post=64067"}],"version-history":[{"count":0,"href":"http:\/\/argentinamunicipal.com.ar\/argentina\/wp-json\/wp\/v2\/posts\/64067\/revisions"}],"wp:featuredmedia":[{"embeddable":true,"href":"http:\/\/argentinamunicipal.com.ar\/argentina\/wp-json\/wp\/v2\/media\/64068"}],"wp:attachment":[{"href":"http:\/\/argentinamunicipal.com.ar\/argentina\/wp-json\/wp\/v2\/media?parent=64067"}],"wp:term":[{"taxonomy":"category","embeddable":true,"href":"http:\/\/argentinamunicipal.com.ar\/argentina\/wp-json\/wp\/v2\/categories?post=64067"},{"taxonomy":"post_tag","embeddable":true,"href":"http:\/\/argentinamunicipal.com.ar\/argentina\/wp-json\/wp\/v2\/tags?post=64067"}],"curies":[{"name":"wp","href":"https:\/\/api.w.org\/{rel}","templated":true}]}}