{"id":64091,"date":"2017-06-13T06:57:57","date_gmt":"2017-06-13T09:57:57","guid":{"rendered":"http:\/\/argentinamunicipal.com.ar\/argentina\/?p=64091"},"modified":"2017-06-13T06:57:57","modified_gmt":"2017-06-13T09:57:57","slug":"ajuste-vez-mas-brutal-gobierno-recorto-mas-70-mil-pensiones-discapacidad","status":"publish","type":"post","link":"http:\/\/argentinamunicipal.com.ar\/argentina\/ajuste-vez-mas-brutal-gobierno-recorto-mas-70-mil-pensiones-discapacidad\/","title":{"rendered":"El ajuste, cada vez m\u00e1s brutal: el Gobierno recort\u00f3 m\u00e1s de 70 mil pensiones por discapacidad"},"content":{"rendered":"<p>En todos los casos, el Gobierno no dio un aviso previo ni derecho a defensa por parte de los beneficiarios. En total, suman m\u00e1s de 80 mil casos entre bajas y suspensiones de pensiones por invalidez, vejez o a madres de m\u00e1s de siete hijos.<\/p>\n<p>En las \u00faltimas horas trascendi\u00f3 una de las aristas m\u00e1s brutales del ajuste que lleva a cabo el gobierno de la alianza Cambiemos desde el inicio de su gesti\u00f3n: el recorte sobre \u00e1reas sensibles del Estado, como son las pensiones no contributivas.<\/p>\n<p>A partir de este mes, y sin previo aviso, el Ministerio de Desarrollo Social de la Naci\u00f3n, a cargo de Carolina Stanley, decidi\u00f3 desempolvar un decreto menemista de 1997 que establece m\u00e1s requisitos para acceder a una pensi\u00f3n.<\/p>\n<p>De esta manera, el gobierno confirma que, en la actual gesti\u00f3n, las pensiones no contributivas han dejado de considerarse un instrumento de Seguridad Social para el Estado y se suman a la pol\u00edtica de ajuste que busca disminuir las cifras r\u00e9cord de d\u00e9ficit fiscal.<\/p>\n<p>Las 83 mil suspensiones y bajas en pensiones por invalidez, a madres de m\u00e1s de 7 hijos y por vejez se registraron en la primera parte de 2017, de manera unilateral, sin aviso previo y sin derecho a defensa.<\/p>\n<p>Seg\u00fan public\u00f3 un informe del Centro de Econom\u00eda Pol\u00edtica Argentina (CEPA), entre enero y los primeros d\u00edas de junio 2017 hubo 5.713 bajas en pensiones hacia las madres de 7 hijos, que se suman a 5.714 suspensiones del mismo rubro. Al mismo tiempo, hubo 19.215 bajas y 52.491 suspensiones en pensiones por invalidez.<\/p>\n<p>\u201cLos titulares se encuentran que no pueden cobrar su pensi\u00f3n cuando se dirigen a un cajero o en la ventanilla del banco\u201d, expresaron en el informe.<\/p>\n<p>Adem\u00e1s, de la falta de un aviso previo, no hay pedidos precedentes para aclarar la situaci\u00f3n patrimonial de los beneficiarios que sufren la baja o la suspensi\u00f3n de su pensi\u00f3n. Tampoco se producen cruces con los registros de Anses y no hay pedidos de correcci\u00f3n de Actualizaci\u00f3n de Datos Personales (ADP).<\/p>\n<p>\u00abTodos estos mecanismos son parte de un procedimiento que deber\u00eda seguirse antes de tomar la decisi\u00f3n unilateral de impedir el cobro y suspender el derecho\u00bb, expresaron desde CEPA.<\/p>\n<p>M\u00e1s all\u00e1 de que la Justicia Federal ya comenz\u00f3 a pronunciarse en contra de estos recortes, estad\u00edsticamente, s\u00f3lo el 30% de estas suspensiones se rehabilitan, ya que los titulares en muchos casos son personas de bajos recursos y no llevan el reclamo al \u00e1mbito judicial.<\/p>\n<h6>Fuente: InfoCielo<\/h6>\n","protected":false},"excerpt":{"rendered":"<p>En todos los casos, el Gobierno no dio un aviso previo ni derecho a defensa por parte de los beneficiarios. En total, suman m\u00e1s de 80 mil casos entre bajas y suspensiones de pensiones por invalidez, vejez o a madres de m\u00e1s de siete hijos.<\/p>\n","protected":false},"author":2,"featured_media":64092,"comment_status":"closed","ping_status":"closed","sticky":false,"template":"","format":"standard","meta":{"footnotes":""},"categories":[8],"tags":[21],"class_list":["post-64091","post","type-post","status-publish","format-standard","has-post-thumbnail","hentry","category-informe-nacional","tag-argentina"],"_links":{"self":[{"href":"http:\/\/argentinamunicipal.com.ar\/argentina\/wp-json\/wp\/v2\/posts\/64091","targetHints":{"allow":["GET"]}}],"collection":[{"href":"http:\/\/argentinamunicipal.com.ar\/argentina\/wp-json\/wp\/v2\/posts"}],"about":[{"href":"http:\/\/argentinamunicipal.com.ar\/argentina\/wp-json\/wp\/v2\/types\/post"}],"author":[{"embeddable":true,"href":"http:\/\/argentinamunicipal.com.ar\/argentina\/wp-json\/wp\/v2\/users\/2"}],"replies":[{"embeddable":true,"href":"http:\/\/argentinamunicipal.com.ar\/argentina\/wp-json\/wp\/v2\/comments?post=64091"}],"version-history":[{"count":0,"href":"http:\/\/argentinamunicipal.com.ar\/argentina\/wp-json\/wp\/v2\/posts\/64091\/revisions"}],"wp:featuredmedia":[{"embeddable":true,"href":"http:\/\/argentinamunicipal.com.ar\/argentina\/wp-json\/wp\/v2\/media\/64092"}],"wp:attachment":[{"href":"http:\/\/argentinamunicipal.com.ar\/argentina\/wp-json\/wp\/v2\/media?parent=64091"}],"wp:term":[{"taxonomy":"category","embeddable":true,"href":"http:\/\/argentinamunicipal.com.ar\/argentina\/wp-json\/wp\/v2\/categories?post=64091"},{"taxonomy":"post_tag","embeddable":true,"href":"http:\/\/argentinamunicipal.com.ar\/argentina\/wp-json\/wp\/v2\/tags?post=64091"}],"curies":[{"name":"wp","href":"https:\/\/api.w.org\/{rel}","templated":true}]}}