{"id":64100,"date":"2017-06-13T07:21:30","date_gmt":"2017-06-13T10:21:30","guid":{"rendered":"http:\/\/argentinamunicipal.com.ar\/argentina\/?p=64100"},"modified":"2017-06-13T07:21:30","modified_gmt":"2017-06-13T10:21:30","slug":"macri-los-jueces-laborales","status":"publish","type":"post","link":"http:\/\/argentinamunicipal.com.ar\/argentina\/macri-los-jueces-laborales\/","title":{"rendered":"Macri contra los jueces laborales"},"content":{"rendered":"<p>El Presidente utiliz\u00f3 nada menos que la jura del nuevo canciller para redoblar su agresi\u00f3n contra el fuero laboral. Mauricio Macri habl\u00f3 horas despu\u00e9s de que P\u00e1ginaI12 saliera a la calle con el tema y el t\u00edtulo de \u201cTrabajo sucio\u201d.<\/p>\n<p>Mauricio Macri convirti\u00f3 su ataque contra la Justicia laboral en una meta de pol\u00edtica exterior. El mismo d\u00eda en que este diario puso la imagen de Macri junto al t\u00edtulo \u201cTrabajo sucio\u201d, el Presidente habl\u00f3 contra los jueces mientras pon\u00eda en funciones al nuevo canciller, Jorge Faurie (ver aparte).<\/p>\n<p>Macri omiti\u00f3 explicar si el deseo de licuar el fuero laboral es una nueva forma de atraer inversiones. De momento los embajadores extranjeros acreditados aqu\u00ed escucharon c\u00f3mo cargaba contra abogados que \u201cconvencen a los trabajadores de hacer un juicio indebido y se lo hacen ganar porque tienen armadita la cosa para llevarse la mayor parte del juicio ellos\u201d.<\/p>\n<p>\u201cEste grupo de estudios laboralistas, que por suerte son una minor\u00eda, con un grupo de jueces, minoritario, laboralistas, conducido por Recalde, le han hecho mucho da\u00f1o a la Argentina\u201d, dijo Macri.<\/p>\n<p>P\u00e1ginaI12 quiso consultar a H\u00e9ctor Recalde, presidente del bloque de diputados del Frente para la Victoria y veterano laboralista. \u201cLas declaraciones de Macri lo tomaron cuando ya estaba embarcando desde Ginebra hacia Buenos Aires\u201d, informaron sus asesores. \u201cViaj\u00f3 para la reuni\u00f3n anual de la Organizaci\u00f3n Internacional del Trabajo.\u201d<\/p>\n<p>La agresi\u00f3n contra el fuero laboral fue uno de los temas que llevaron varios delegados argentinos a la OIT. Lo hicieron, entre otros, el propio Recalde y los dirigentes del sector de la Central de los Trabajadores Argentinos que encabeza Juan Micheli.<\/p>\n<p>Macri dijo que los juicios laborales \u201cdejan a un mont\u00f3n de gente sin acceder a un trabajo porque el que tiene que tomar decisiones tiene miedo de que su esfuerzo se le vaya en uno de estos comportamientos mafiosos\u201d.<\/p>\n<p>Ni el Presidente ni el nuevo canciller aportaron datos duros sobre la relaci\u00f3n entre la litigiosidad laboral, ya sea por incumplimiento o por accidentes, y el nivel de empleo.<\/p>\n<p>Los expertos y camaristas consultados por este diario para la nota de ayer m\u00e1s bien dieron otra interpretaci\u00f3n. Explicaron que los litigios crecen cuando la situaci\u00f3n econ\u00f3mica es mejor y no al rev\u00e9s. Dijeron que en una situaci\u00f3n de desempleo o de miedo al desempleo los trabajadores soportan m\u00e1s las injusticias porque, al margen de su grado de raz\u00f3n, no pueden arriesgarse a perder el puesto y entablar una demanda cuando no ven otro empleo en el horizonte.<\/p>\n<p>En cuanto a los juicios por accidentes, afirmaron los jueces y los estudiosos que comienzan por vulneraciones graves de derechos o cuando el empleado perdi\u00f3 toda posibilidad de trabajar porque el accidente lo dej\u00f3 incapacitado.<\/p>\n<p>La ofensiva del Gobierno se concentra en los jueces de la C\u00e1mara Nacional de Apelaciones del Trabajo, creada por Juan Per\u00f3n. El ataque comenz\u00f3 cuando los camaristas Enrique Arias Gilbert y Graciela Marino dieron por v\u00e1lido un acuerdo de la Asociaci\u00f3n Bancaria con la patronal financiera a contramano de los deseos del ministro de Trabajo Jorge Triaca. Se intensific\u00f3 luego cuando otros camaristas, Luis Raffagheli y Diana Ca\u00f1al, repusieron en su puesto a trabajadores echados de la hoy disuelta AFSCA, el \u00f3rgano regulador de los servicios de comunicaci\u00f3n audiovisual.<\/p>\n<p>En medio del ataque los jueces, que ya hab\u00edan expresado su solidaridad con los primeros agredidos, hicieron p\u00fablico justo ayer su apoyo a Raffagheli y Ca\u00f1al.<\/p>\n<p>\u201cLos jueces que integran la C\u00e1mara Nacional de Apelaciones del Trabajo, en pleno, ante la denuncia y pedido de remoci\u00f3n presentado ante el Consejo de la Magistratura contra la doctora Diana Ca\u00f1al y el doctor Luis A. Raffagheli, manifiestan que tal acto constituye una grave e inaceptable injerencia en la jurisdicci\u00f3n judicial\u201d, dice el documento al que tuvo acceso P\u00e1ginaI12. Sigue: \u201cNing\u00fan juez puede ser atacado por el contenido de sus sentencias, como es el caso de los vocales integrantes de la Sala III y VI, respectivamente, a quienes expresamos la solidaridad del Cuerpo\u201d. Y concluye: \u201cLa independencia del Poder Judicial ha sido puesta en riesgo y, con ello, la vigencia plena de la Constituci\u00f3n Nacional\u201d.<\/p>\n<p>Tanto Raffagheli como el camarista Roberto Pompa, el juez nacional de La Matanza \u00a0Alejandro Segura y el profesor universitario \u00c1lvaro Ruiz se\u00f1alaron al ser consultados para la nota publicada ayer su asombro por el hecho, que consideraron sin precedentes en el fuero laboral, de que Cambiemos respondiera con el pedido de juicio pol\u00edtico a fallos judiciales.<\/p>\n<p>Agust\u00edn Rossi, que ocup\u00f3 la presidencia del bloque del FpV antes que Recalde y Juliana Di Tullio, dijo en Twitter que conoc\u00eda \u201cla integridad moral y pol\u00edtica de Recalde\u201d, y se pregunt\u00f3: \u201c\u00bfCu\u00e1ntos se animan a denunciar intentos de soborno como lo hizo H\u00e9ctor en 2007?\u201d. Se refer\u00eda a la denuncia formulada por Recalde contra empresas proveedoras de tickets canasta para que frenase un proyecto de ley que se propon\u00eda cambiar el r\u00e9gimen vigente para que vales y tickets se adquiriesen progresivamente \u201ccar\u00e1cter remuneratorio\u201d. Uno de los directivos de la c\u00e1mara de servicios de vales fue filmado mientras intentaba sobornar a su hijo, que entonces trabajaba en el estudio familiar, Mariano Recalde.<\/p>\n<p>Rossi tuite\u00f3 que \u201ces una verg\u00fcenza que el Presidente Macri hable as\u00ed del presidente de uno de los bloques m\u00e1s importantes de la C\u00e1mara de Diputados\u201d. En otro tuit puso: \u201cTambi\u00e9n sabemos que vienen x los derechos d l@s trabajador@s\u201d.<\/p>\n<h6>Fuente: P\u00e1gina 12<\/h6>\n","protected":false},"excerpt":{"rendered":"<p>El Presidente utiliz\u00f3 nada menos que la jura del nuevo canciller para redoblar su agresi\u00f3n contra el fuero laboral. <\/p>\n","protected":false},"author":2,"featured_media":64101,"comment_status":"closed","ping_status":"closed","sticky":false,"template":"","format":"standard","meta":{"footnotes":""},"categories":[8],"tags":[21],"class_list":["post-64100","post","type-post","status-publish","format-standard","has-post-thumbnail","hentry","category-informe-nacional","tag-argentina"],"_links":{"self":[{"href":"http:\/\/argentinamunicipal.com.ar\/argentina\/wp-json\/wp\/v2\/posts\/64100","targetHints":{"allow":["GET"]}}],"collection":[{"href":"http:\/\/argentinamunicipal.com.ar\/argentina\/wp-json\/wp\/v2\/posts"}],"about":[{"href":"http:\/\/argentinamunicipal.com.ar\/argentina\/wp-json\/wp\/v2\/types\/post"}],"author":[{"embeddable":true,"href":"http:\/\/argentinamunicipal.com.ar\/argentina\/wp-json\/wp\/v2\/users\/2"}],"replies":[{"embeddable":true,"href":"http:\/\/argentinamunicipal.com.ar\/argentina\/wp-json\/wp\/v2\/comments?post=64100"}],"version-history":[{"count":0,"href":"http:\/\/argentinamunicipal.com.ar\/argentina\/wp-json\/wp\/v2\/posts\/64100\/revisions"}],"wp:featuredmedia":[{"embeddable":true,"href":"http:\/\/argentinamunicipal.com.ar\/argentina\/wp-json\/wp\/v2\/media\/64101"}],"wp:attachment":[{"href":"http:\/\/argentinamunicipal.com.ar\/argentina\/wp-json\/wp\/v2\/media?parent=64100"}],"wp:term":[{"taxonomy":"category","embeddable":true,"href":"http:\/\/argentinamunicipal.com.ar\/argentina\/wp-json\/wp\/v2\/categories?post=64100"},{"taxonomy":"post_tag","embeddable":true,"href":"http:\/\/argentinamunicipal.com.ar\/argentina\/wp-json\/wp\/v2\/tags?post=64100"}],"curies":[{"name":"wp","href":"https:\/\/api.w.org\/{rel}","templated":true}]}}