{"id":64106,"date":"2017-06-13T07:33:15","date_gmt":"2017-06-13T10:33:15","guid":{"rendered":"http:\/\/argentinamunicipal.com.ar\/argentina\/?p=64106"},"modified":"2017-06-13T07:33:15","modified_gmt":"2017-06-13T10:33:15","slug":"voy-la-paz-cerro-una-fiesta-monumento","status":"publish","type":"post","link":"http:\/\/argentinamunicipal.com.ar\/argentina\/voy-la-paz-cerro-una-fiesta-monumento\/","title":{"rendered":"\u00abVoy por la paz\u00bb cerr\u00f3 con una fiesta en el Monumento"},"content":{"rendered":"<p>El evento reuni\u00f3 a cinco premios nobeles y artistas nacionales para pensar, educar y hacer para la paz.<\/p>\n<p>Cinco premios Nobel de la Paz junto a destacados acad\u00e9micos, pol\u00edticos y cient\u00edficos analizaron juntos las tendencias mundiales en relaci\u00f3n al trabajo, la educaci\u00f3n, y c\u00f3mo impactan en la construcci\u00f3n de paz, al tiempo que reflexionaron sobre la memoria, el perd\u00f3n, y la situaci\u00f3n de la democracia actual. Los paneles de debate se realizaron ante un auditorio lleno, el pasado viernes en la Bolsa de Comercio, en el marco de VoyxlaPaz.<\/p>\n<p>El panel que introdujo Rigoberta Mench\u00fa se focaliz\u00f3 en la Educaci\u00f3n para la paz; el de Oscar Arias S\u00e1nchez abord\u00f3 la tem\u00e1tica de la Transparencia, Democracia y Paz; en el panel de Adolfo P\u00e9rez Esquivel se habl\u00f3 sobre Memoria, Paz y Perd\u00f3n; Shirin Ebadi lider\u00f3 la tem\u00e1tica sobre El rol de la mujer en la construcci\u00f3n de paz; y Lech Walesa se enfoc\u00f3 en su pasi\u00f3n: El Trabajo, Democracia y Paz.<\/p>\n<p>Cada premio nobel comparti\u00f3 su panel con especialistas destacados que contribuyeron a analizar cada tema enriqueciendo el debate con su visi\u00f3n. As\u00ed, participaron el Dr. Facundo Manes, Neur\u00f3logo y Neurocient\u00edfico; Rams\u00e9s Vargas Lamadrid, Rector Universidad Aut\u00f3noma del Caribe; Rafael P\u00e9rez Taylor, Director de Investigaciones Antropol\u00f3gicas de la UNAM; Profesor Rub\u00e9n Chababo, Universidad Nacional de Rosario; Susana Trimarco, Mam\u00e1 de Marita Ver\u00f3n; Emilio P\u00e9rsico, Secretario General Nacional del Movimiento Evita; Marcelo Colombo, Titular de la Protex; Julio B\u00e1rbaro, Polit\u00f3logo; Mar\u00eda Fernanda Rodr\u00edguez, Subsecretar\u00eda de Acceso a la Justicia; Hern\u00e1n Brienza, periodista, entre otros.<\/p>\n<p>La Premio Nobel Shirin Ebadi expres\u00f3 que la democracia es una cultura que debe ense\u00f1arse y es importante ver de qu\u00e9 manera se da esa ense\u00f1anza. Para Ebadi la democracia no s\u00f3lo implica votar, sino tambi\u00e9n el respeto por parte de los gobernantes, de los derechos humanos, de todos incluso, de las minor\u00edas que no los votaron. La ciudadan\u00eda se ejerce exigiendo a los pol\u00edticos que respondan. \u00abObserven bien y a diario el gobierno que hayan elegido\u00bb, recomend\u00f3.<\/p>\n<p>Adolfo P\u00e9rez Esquivel se\u00f1al\u00f3 que hay que construir en la diversidad: \u00abEn los monocultivos se destruye la vida, hay monocultivos m\u00e1s peligrosos que el agr\u00edcola, el monocultivo de las mentes, sometidas al monocultivo de la globalizaci\u00f3n, en los que todo es de todos y nada es de nadie\u00bb. Una democracia participativa es posible si se repiensa un nuevo contrato social, una nueva forma de hacer pol\u00edtica, ese es el desaf\u00edo.<\/p>\n<p>Por su parte, en este encuentro, los premios nobel encabezados por Adolfo P\u00e9rez Esquivel y personalidades presentes, firmaron un acuerdo haciendo un llamado a que se proteja la vida de los l\u00edderes sociales defensores de DDHH en todo el mundo. De igual manera solicitan que se garanticen las condiciones para la plena realizaci\u00f3n del trabajo que llevan adelante los l\u00edderes sociales y que se establezcan las responsabilidades pertinentes. S\u00f3lo con la plena vigencia de la justicia se alcanza la paz.<\/p>\n<h6>Fuente: Sin Mordaza<\/h6>\n","protected":false},"excerpt":{"rendered":"<p>El evento reuni\u00f3 a cinco premios nobeles y artistas nacionales para pensar, educar y hacer para la paz.<\/p>\n","protected":false},"author":2,"featured_media":64107,"comment_status":"closed","ping_status":"closed","sticky":false,"template":"","format":"standard","meta":{"footnotes":""},"categories":[2],"tags":[10],"class_list":["post-64106","post","type-post","status-publish","format-standard","has-post-thumbnail","hentry","category-informe-municipal","tag-santa-fe"],"_links":{"self":[{"href":"http:\/\/argentinamunicipal.com.ar\/argentina\/wp-json\/wp\/v2\/posts\/64106","targetHints":{"allow":["GET"]}}],"collection":[{"href":"http:\/\/argentinamunicipal.com.ar\/argentina\/wp-json\/wp\/v2\/posts"}],"about":[{"href":"http:\/\/argentinamunicipal.com.ar\/argentina\/wp-json\/wp\/v2\/types\/post"}],"author":[{"embeddable":true,"href":"http:\/\/argentinamunicipal.com.ar\/argentina\/wp-json\/wp\/v2\/users\/2"}],"replies":[{"embeddable":true,"href":"http:\/\/argentinamunicipal.com.ar\/argentina\/wp-json\/wp\/v2\/comments?post=64106"}],"version-history":[{"count":0,"href":"http:\/\/argentinamunicipal.com.ar\/argentina\/wp-json\/wp\/v2\/posts\/64106\/revisions"}],"wp:featuredmedia":[{"embeddable":true,"href":"http:\/\/argentinamunicipal.com.ar\/argentina\/wp-json\/wp\/v2\/media\/64107"}],"wp:attachment":[{"href":"http:\/\/argentinamunicipal.com.ar\/argentina\/wp-json\/wp\/v2\/media?parent=64106"}],"wp:term":[{"taxonomy":"category","embeddable":true,"href":"http:\/\/argentinamunicipal.com.ar\/argentina\/wp-json\/wp\/v2\/categories?post=64106"},{"taxonomy":"post_tag","embeddable":true,"href":"http:\/\/argentinamunicipal.com.ar\/argentina\/wp-json\/wp\/v2\/tags?post=64106"}],"curies":[{"name":"wp","href":"https:\/\/api.w.org\/{rel}","templated":true}]}}