{"id":64119,"date":"2017-06-13T07:56:33","date_gmt":"2017-06-13T10:56:33","guid":{"rendered":"http:\/\/argentinamunicipal.com.ar\/argentina\/?p=64119"},"modified":"2017-06-13T07:56:33","modified_gmt":"2017-06-13T10:56:33","slug":"la-uca-determino-millon-ninos-5-17-anos-realiza-algun-trabajo","status":"publish","type":"post","link":"http:\/\/argentinamunicipal.com.ar\/argentina\/la-uca-determino-millon-ninos-5-17-anos-realiza-algun-trabajo\/","title":{"rendered":"La UCA determin\u00f3 que un mill\u00f3n de ni\u00f1os de entre 5 y 17 a\u00f1os realiza alg\u00fan trabajo"},"content":{"rendered":"<p>La UCA difundi\u00f3 los datos al celebrarse este lunes 12 de junio el D\u00eda Mundial Contra el Trabajo Infantil y dijo que la ca\u00edda \u00abse acent\u00faa a partir de 2013\u00bb.<\/p>\n<p>En el D\u00eda Mundial Contra el Trabajo Infantil, la Encuesta de la Deuda Social Argentina de la Universidad Cat\u00f3lica Argentina (UCA) inform\u00f3 este lunes que se llega a 2016 con un 12,3 por ciento de los ni\u00f1os en la Argentina que realizan alg\u00fan tipo de trabajo, esto es un mill\u00f3n de ni\u00f1os de 5 y 17 a\u00f1os, aunque registr\u00f3 una ca\u00edda importante en los \u00faltimos a\u00f1os.<\/p>\n<p>El estudio indic\u00f3 que hay 7,3% de trabajo infantil en el mercado; 3,9% en tareas dom\u00e9sticas y 1% que realiza ambas tareas y un 12,3% de la infancia efect\u00faa alg\u00fan tipo de trabajo, aunque se\u00f1al\u00f3 que se registr\u00f3 una merma en el trabajo infantil y de adolescentes del 6,1% entre 2010 y 2016.<\/p>\n<p>La UCA difundi\u00f3 los datos al celebrarse este lunes 12 de junio el D\u00eda Mundial Contra el Trabajo Infantil y dijo que la ca\u00edda \u00abse acent\u00faa a partir de 2013 y respondi\u00f3 de modo particular a la disminuci\u00f3n del trabajo econ\u00f3mico que baj\u00f3 5 puntos porcentuales, mientras que el trabajo dom\u00e9stico lo hizo en 1,9%\u00bb.<\/p>\n<p>\u00abLa diferencia de g\u00e9nero se mantiene pese a los cambios en la evoluci\u00f3n. Los varones tienen mayor propensi\u00f3n al trabajo en el mercado y las mujeres a los trabajos dom\u00e9sticos intensivos\u00bb, consign\u00f3 el informe.<\/p>\n<p>No obstante, se\u00f1al\u00f3 que \u00abel trabajo dom\u00e9stico experiment\u00f3 una merma significativa y esto sucedi\u00f3 especialmente en las mujeres\u00bb, expres\u00f3 la UCA.<\/p>\n<p>\u00abMientras que el descenso de la propensi\u00f3n al trabajo econ\u00f3mico en el mercado fue igual en ambos sexos. Esta merma tambi\u00e9n fue pareja seg\u00fan el grupo de edad aunque es f\u00e1cil advertir que la probabilidad de trabajar es mayor en los adolescentes que en los ni\u00f1os y ni\u00f1as en edad escolar\u00bb, aclar\u00f3.<\/p>\n<p>La disminuci\u00f3n del trabajo infantil se registra en todos los estratos sociales: \u00abEs claro que a medida que desciende el estrato social aumenta la probabilidad de trabajar en el mercado o en tareas dom\u00e9sticas\u00bb, sostuvo el an\u00e1lisis.<\/p>\n<p>\u00abA pesar del significativo descenso de la propensi\u00f3n al trabajo infantil, las desigualdades sociales regresivas para los ni\u00f1os y ni\u00f1as del 25% m\u00e1s pobres respecto de sus pares en el 25% superior siguen siendo importantes y han variado levemente en el caso del trabajo dom\u00e9stico intensivo\u00bb, indicaron los<br \/>\ninvestigadores.<\/p>\n<p>En el Conurbano y otras \u00e1reas metropolitanas del interior del pa\u00eds el trabajo infantil registra una incidencia mayor que en la Ciudad de Buenos Aires, \u00absin embargo la ca\u00edda entre 2010 y 2016 fue muy significativa\u00bb, agregaron.<\/p>\n<h6>Fuente: Uno Mendoza<\/h6>\n","protected":false},"excerpt":{"rendered":"<p>La UCA difundi\u00f3 los datos al celebrarse este lunes 12 de junio el D\u00eda Mundial Contra el Trabajo Infantil y dijo que la ca\u00edda \u00abse acent\u00faa a partir de 2013\u00bb.<\/p>\n","protected":false},"author":2,"featured_media":64120,"comment_status":"closed","ping_status":"closed","sticky":false,"template":"","format":"standard","meta":{"footnotes":""},"categories":[8],"tags":[21],"class_list":["post-64119","post","type-post","status-publish","format-standard","has-post-thumbnail","hentry","category-informe-nacional","tag-argentina"],"_links":{"self":[{"href":"http:\/\/argentinamunicipal.com.ar\/argentina\/wp-json\/wp\/v2\/posts\/64119","targetHints":{"allow":["GET"]}}],"collection":[{"href":"http:\/\/argentinamunicipal.com.ar\/argentina\/wp-json\/wp\/v2\/posts"}],"about":[{"href":"http:\/\/argentinamunicipal.com.ar\/argentina\/wp-json\/wp\/v2\/types\/post"}],"author":[{"embeddable":true,"href":"http:\/\/argentinamunicipal.com.ar\/argentina\/wp-json\/wp\/v2\/users\/2"}],"replies":[{"embeddable":true,"href":"http:\/\/argentinamunicipal.com.ar\/argentina\/wp-json\/wp\/v2\/comments?post=64119"}],"version-history":[{"count":0,"href":"http:\/\/argentinamunicipal.com.ar\/argentina\/wp-json\/wp\/v2\/posts\/64119\/revisions"}],"wp:featuredmedia":[{"embeddable":true,"href":"http:\/\/argentinamunicipal.com.ar\/argentina\/wp-json\/wp\/v2\/media\/64120"}],"wp:attachment":[{"href":"http:\/\/argentinamunicipal.com.ar\/argentina\/wp-json\/wp\/v2\/media?parent=64119"}],"wp:term":[{"taxonomy":"category","embeddable":true,"href":"http:\/\/argentinamunicipal.com.ar\/argentina\/wp-json\/wp\/v2\/categories?post=64119"},{"taxonomy":"post_tag","embeddable":true,"href":"http:\/\/argentinamunicipal.com.ar\/argentina\/wp-json\/wp\/v2\/tags?post=64119"}],"curies":[{"name":"wp","href":"https:\/\/api.w.org\/{rel}","templated":true}]}}