{"id":64152,"date":"2017-06-14T07:05:09","date_gmt":"2017-06-14T10:05:09","guid":{"rendered":"http:\/\/argentinamunicipal.com.ar\/argentina\/?p=64152"},"modified":"2017-06-14T07:05:09","modified_gmt":"2017-06-14T10:05:09","slug":"acorralado-las-criticas-gobierno-retrocederia-la-quita-pensiones-discapacidad","status":"publish","type":"post","link":"http:\/\/argentinamunicipal.com.ar\/argentina\/acorralado-las-criticas-gobierno-retrocederia-la-quita-pensiones-discapacidad\/","title":{"rendered":"Acorralado por las cr\u00edticas, el Gobierno retroceder\u00eda con la quita de pensiones por discapacidad"},"content":{"rendered":"<p>Una diputada nacional afirm\u00f3 hoy que la ministra de Desarrollo Social, Carolina Stanley, \u00abse comprometi\u00f3 a reveer y dar marcha atr\u00e1s con la quita de pensiones a personas con discapacidad\u00bb. Stanley no habr\u00eda especificado en qu\u00e9 momento se har\u00e1 p\u00fablica esa decisi\u00f3n por parte del Gobierno.<\/p>\n<p>En plana pol\u00e9mica por las m\u00e1s de 70 mil bajas y suspensiones a pensiones por discapacidad por parte del gobierno nacional, una diputada nacional del Partido Socialista afirm\u00f3 hoy que la ministra de Desarrollo Social, Carolina Stanley, \u00abse comprometi\u00f3 a reveer y dar marcha atr\u00e1s con la quita de pensiones a personas con discapacidad\u00bb y a \u00abrever la aplicaci\u00f3n del decreto 432\u00bb de 1997 a partir del cual se dispuso la medida.<\/p>\n<p>As\u00ed lo confirm\u00f3 a DyN Gabriela Troiano, la vicepresidenta de la Comisi\u00f3n de Discapacidad, que mantuvo una conversaci\u00f3n telef\u00f3nica con la ministra y le plante\u00f3 los \u00abfundamentos por los cuales no corresponde aplicar el decreto\u00bb.<\/p>\n<p>\u00abSe comprometi\u00f3 a dar marcha atr\u00e1s en la quita de pensiones a personas con discapacidad y a rever el tema de la aplicaci\u00f3n del decreto\u00bb, asegur\u00f3 la diputada, aunque se\u00f1al\u00f3 que Stanley no especific\u00f3 en qu\u00e9 momento se har\u00e1 p\u00fablica esa decisi\u00f3n por parte del Gobierno.<\/p>\n<p>La diputada presentar\u00e1 esta semana un listado de personas que fueron afectadas por la medida del Ministerio de Desarrollo Social y a la Defensor\u00eda del Pueblo de la Naci\u00f3n; y destac\u00f3 que exigir\u00e1 el tratamiento del proyecto de ley que plantea el aumento del importe de las pensiones.<\/p>\n<p>A partir de este mes, y sin previo aviso, el Ministerio de Desarrollo Social de la Naci\u00f3n, a cargo de Carolina Stanley, decidi\u00f3 desempolvar un decreto menemista de 1997 que establece m\u00e1s requisitos para acceder a una pensi\u00f3n.<\/p>\n<p>De esta manera, el gobierno confirma que, en la actual gesti\u00f3n, las pensiones no contributivas han dejado de considerarse un instrumento de Seguridad Social para el Estado y se suman a la pol\u00edtica de ajuste que busca disminuir las cifras r\u00e9cord de d\u00e9ficit fiscal.<\/p>\n<p>Las 83 mil suspensiones y bajas en pensiones por invalidez, a madres de m\u00e1s de 7 hijos y por vejez se registraron en la primera parte de 2017, de manera unilateral, sin aviso previo y sin derecho a defensa.<\/p>\n<h6>Fuetne: infocielo<\/h6>\n","protected":false},"excerpt":{"rendered":"<p>Una diputada nacional afirm\u00f3 hoy que la ministra de Desarrollo Social, Carolina Stanley, \u00abse comprometi\u00f3 a reveer y dar marcha atr\u00e1s con la quita de pensiones a personas con discapacidad\u00bb. <\/p>\n","protected":false},"author":2,"featured_media":64153,"comment_status":"closed","ping_status":"closed","sticky":false,"template":"","format":"standard","meta":{"footnotes":""},"categories":[8],"tags":[21],"class_list":["post-64152","post","type-post","status-publish","format-standard","has-post-thumbnail","hentry","category-informe-nacional","tag-argentina"],"_links":{"self":[{"href":"http:\/\/argentinamunicipal.com.ar\/argentina\/wp-json\/wp\/v2\/posts\/64152","targetHints":{"allow":["GET"]}}],"collection":[{"href":"http:\/\/argentinamunicipal.com.ar\/argentina\/wp-json\/wp\/v2\/posts"}],"about":[{"href":"http:\/\/argentinamunicipal.com.ar\/argentina\/wp-json\/wp\/v2\/types\/post"}],"author":[{"embeddable":true,"href":"http:\/\/argentinamunicipal.com.ar\/argentina\/wp-json\/wp\/v2\/users\/2"}],"replies":[{"embeddable":true,"href":"http:\/\/argentinamunicipal.com.ar\/argentina\/wp-json\/wp\/v2\/comments?post=64152"}],"version-history":[{"count":0,"href":"http:\/\/argentinamunicipal.com.ar\/argentina\/wp-json\/wp\/v2\/posts\/64152\/revisions"}],"wp:featuredmedia":[{"embeddable":true,"href":"http:\/\/argentinamunicipal.com.ar\/argentina\/wp-json\/wp\/v2\/media\/64153"}],"wp:attachment":[{"href":"http:\/\/argentinamunicipal.com.ar\/argentina\/wp-json\/wp\/v2\/media?parent=64152"}],"wp:term":[{"taxonomy":"category","embeddable":true,"href":"http:\/\/argentinamunicipal.com.ar\/argentina\/wp-json\/wp\/v2\/categories?post=64152"},{"taxonomy":"post_tag","embeddable":true,"href":"http:\/\/argentinamunicipal.com.ar\/argentina\/wp-json\/wp\/v2\/tags?post=64152"}],"curies":[{"name":"wp","href":"https:\/\/api.w.org\/{rel}","templated":true}]}}