{"id":64156,"date":"2017-06-14T07:13:03","date_gmt":"2017-06-14T10:13:03","guid":{"rendered":"http:\/\/argentinamunicipal.com.ar\/argentina\/?p=64156"},"modified":"2017-06-14T07:13:03","modified_gmt":"2017-06-14T10:13:03","slug":"gobierno-intervino-la-universidad-las-madres-echo-rector","status":"publish","type":"post","link":"http:\/\/argentinamunicipal.com.ar\/argentina\/gobierno-intervino-la-universidad-las-madres-echo-rector\/","title":{"rendered":"El Gobierno intervino la Universidad de las Madres y ech\u00f3 a su rector"},"content":{"rendered":"<p>El rector fue sacado de su cargo y desde hoy asumen nuevas autoridades. Los estudiantes realizan una toma pac\u00edfica.<\/p>\n<p>Lo que empez\u00f3 siendo un anuncio que el Gobierno hizo correr de a poco se transform\u00f3 finalmente en un hecho concreto: el Poder Ejecutivo Nacional intervino formalmente el IUNMa (Instituto Universitario Nacional de Derechos Humanos Madres de Plaza de Mayo), a trav\u00e9s del desplazamiento de quien fue su rector hasta ayer y con la designaci\u00f3n de un nuevo director.<\/p>\n<p>\u00abEn el d\u00eda de la fecha tom\u00e9 conocimiento de que se formaliz\u00f3, v\u00eda Resoluci\u00f3n conjunta del Ministerio de Justicia y Derechos Humanos y el Ministerio de Educaci\u00f3n y Deportes, la finalizaci\u00f3n de mi designaci\u00f3n como Rector Organizador, y la designaci\u00f3n de un nuevo Rector a partir del 14 de junio de 2017\u00bb, indic\u00f3 en un comunicado el depuesto rector Profesor Germ\u00e1n Ib\u00e1\u00f1ez.<\/p>\n<p>Los estudiantes y no docentes tomaron el Instituto en rechazo a la intervenci\u00f3n<\/p>\n<p>\u00abCon la certeza de haber consagrado los mejores esfuerzos y las gestiones a mi alcance para lograr la definitiva organizaci\u00f3n del IUNMa como instituci\u00f3n universitaria nacional, sin resignar un proyecto educativo inclusivo y comprometido con los Derechos Humanos, gestado por las Madres, quiero agradecer el trabajo y compromiso de la comunidad acad\u00e9mica y el apoyo recibido en los \u00faltimos tiempos\u00bb, finaliz\u00f3 su mensaje Ib\u00e1\u00f1ez.<\/p>\n<p>Por su parte, tanto los estudiantes como los trabajadores no docentes de la instituci\u00f3n rechazaron la injerencia de la Casa Rosada en la IUNMA. Los alumnos tomaron \u00abde forma pac\u00edfica\u00bb el edificio y llamaron \u00aba las organizaciones sociales y pol\u00edticas a movilizarse a defender el sue\u00f1o de las Madres y de sus hijxs\u00bb.<\/p>\n<p>Por su parte, la Asociaci\u00f3n Docente emiti\u00f3 tambi\u00e9n un comunicado en el que sostuvieron que entienden \u00abque el proyecto acad\u00e9mico-pol\u00edtico, los puestos de trabajo docentes y no docentes, y las carreras de lxs estudiantes se encuentran bajo una grave amenaza\u00bb.<\/p>\n<p>Asimismo, se declararon \u00aben estado de alerta y movilizaci\u00f3n\u00bb, al tiempo que anunciaron \u00ablxs miembros de la Junta estaremos presentes desde la ma\u00f1ana (de hoy mi\u00e9rcoles) en el Instituto\u00bb.<\/p>\n<p>En el mismo sentido, convocaron para hoy \u00aba las 18 en la sede de 25 de Mayo 544 para compartir informaci\u00f3n y para exigirle masivamente al interventor una reuni\u00f3n urgente en la que se comprometa a dar continuidad al proyecto institucional, a sus trabajadorxs y a sus estudiantes, as\u00ed como a brindar soluciones concretas a nuestras demandas, largamente incumplidas por la Secretar\u00eda de DDHH y el Ministerio de Justicia\u00bb.<\/p>\n<h6>Fuente: InfoNews<\/h6>\n","protected":false},"excerpt":{"rendered":"<p>El rector fue sacado de su cargo y desde hoy asumen nuevas autoridades. Los estudiantes realizan una toma pac\u00edfica.<\/p>\n","protected":false},"author":2,"featured_media":64157,"comment_status":"closed","ping_status":"closed","sticky":false,"template":"","format":"standard","meta":{"footnotes":""},"categories":[8],"tags":[21],"class_list":["post-64156","post","type-post","status-publish","format-standard","has-post-thumbnail","hentry","category-informe-nacional","tag-argentina"],"_links":{"self":[{"href":"http:\/\/argentinamunicipal.com.ar\/argentina\/wp-json\/wp\/v2\/posts\/64156","targetHints":{"allow":["GET"]}}],"collection":[{"href":"http:\/\/argentinamunicipal.com.ar\/argentina\/wp-json\/wp\/v2\/posts"}],"about":[{"href":"http:\/\/argentinamunicipal.com.ar\/argentina\/wp-json\/wp\/v2\/types\/post"}],"author":[{"embeddable":true,"href":"http:\/\/argentinamunicipal.com.ar\/argentina\/wp-json\/wp\/v2\/users\/2"}],"replies":[{"embeddable":true,"href":"http:\/\/argentinamunicipal.com.ar\/argentina\/wp-json\/wp\/v2\/comments?post=64156"}],"version-history":[{"count":0,"href":"http:\/\/argentinamunicipal.com.ar\/argentina\/wp-json\/wp\/v2\/posts\/64156\/revisions"}],"wp:featuredmedia":[{"embeddable":true,"href":"http:\/\/argentinamunicipal.com.ar\/argentina\/wp-json\/wp\/v2\/media\/64157"}],"wp:attachment":[{"href":"http:\/\/argentinamunicipal.com.ar\/argentina\/wp-json\/wp\/v2\/media?parent=64156"}],"wp:term":[{"taxonomy":"category","embeddable":true,"href":"http:\/\/argentinamunicipal.com.ar\/argentina\/wp-json\/wp\/v2\/categories?post=64156"},{"taxonomy":"post_tag","embeddable":true,"href":"http:\/\/argentinamunicipal.com.ar\/argentina\/wp-json\/wp\/v2\/tags?post=64156"}],"curies":[{"name":"wp","href":"https:\/\/api.w.org\/{rel}","templated":true}]}}