{"id":64168,"date":"2017-06-14T06:36:53","date_gmt":"2017-06-14T09:36:53","guid":{"rendered":"http:\/\/argentinamunicipal.com.ar\/argentina\/?p=64168"},"modified":"2017-06-14T07:38:52","modified_gmt":"2017-06-14T10:38:52","slug":"santa-fe-ciudad-la-constitucion-presente-tecnopolis-federal","status":"publish","type":"post","link":"http:\/\/argentinamunicipal.com.ar\/argentina\/santa-fe-ciudad-la-constitucion-presente-tecnopolis-federal\/","title":{"rendered":"\u00abSanta Fe, Ciudad de la Constituci\u00f3n\u00bb presente en Tecn\u00f3polis Federal"},"content":{"rendered":"<p>As\u00ed se denomina el espacio que forma parte de la mega muestra que ya visitaron m\u00e1s de 180 mil personas de diferentes puntos del pa\u00eds y que estar\u00e1 vigente hasta el 24 de junio en la Estaci\u00f3n Belgrano.<\/p>\n<p>La ciencia, la tecnolog\u00eda y el arte, se unen a la historia y a la idiosincrasia santafesina en Tecn\u00f3polis Federal. El C\u00f3digo Hammurabi, la sanci\u00f3n de la Carta Magna los derechos ciudadanos y el Pre\u00e1mbulo, son algunos de los eslabones que se unen en el espacio \u00abSanta Fe, Ciudad de la Constituci\u00f3n\u00bb. Impulsada por el Gobierno de la Ciudad, esta propuesta forma parte de la mega muestra que se desarrolla en la Estaci\u00f3n Belgrano y podr\u00e1 visitarse de forma gratuita hasta el 24 de junio.<\/p>\n<p>\u00abSe trata de un espacio que da cuenta de la condici\u00f3n particular de Santa Fe como Cuna de la Constituci\u00f3n Nacional sancionada en 1853\u00bb, explic\u00f3 la secretaria de Cultura municipal, Patricia Pieragostini, para luego indicar que \u00abla propuesta fue seleccionada especialmente por el intendente Jos\u00e9 Corral con el objetivo de reivindicar esta potente particularidad que tiene la Ciudad y, adem\u00e1s, con la intenci\u00f3n de que este contenido sea el que represente a la capital provincial en un acontecimiento tan importante como Tecnopolis Federal que ser\u00e1 visitada por cientos de miles de personas de todo el pa\u00eds\u00bb. Adem\u00e1s, la funcionaria explic\u00f3 que \u00abes un anticipo de lo que ser\u00e1 el futuro Museo de la Constituci\u00f3n Nacional, cuya construcci\u00f3n est\u00e1 muy avanzada\u00bb.<\/p>\n<p><strong>Cuna de la Constituci\u00f3n<\/strong><\/p>\n<p>\u00abEn el primero de los espacios que componen el recorrido, se cuentan todas las acciones que el Gobierno de la Ciudad ha desarrollado para revalorizar esta condici\u00f3n tan particular que tiene nuestra Ciudad de ser Cuna de la Constituci\u00f3n, y sede de las sucesivas reformas\u00bb, asegur\u00f3 Pieragostini para luego completar: \u00abProponemos a los visitantes un recorrido por etapas que incluye el concurso nacional para el anteproyecto, la recuperaci\u00f3n del predio de Caleta Sur para hacer un Parque-Biblioteca de la Constituci\u00f3n Nacional, lo referente a la actual Plaza C\u00edvica que representa los tres poderes, el edificio ya terminado del Museo, y los avances de los contenidos\u00bb.<\/p>\n<p>En la primera sala, junto a proyecciones audiovisuales, ilustraciones y gigantograf\u00edas, se encuentra una reproducci\u00f3n del C\u00f3digo Hammurabi que formar\u00e1 parte de los contenidos del Museo de la Constituci\u00f3n. \u00abEs una r\u00e9plica maravillosa del original que est\u00e1 en el Museo del Louvre \u2013Francia-, que nos permite ponernos en contacto con lo que fueron las primeras formas de leyes de convivencia, en un documento que data del a\u00f1o 1.700 a.C\u00bb, explic\u00f3 Patricia Pieragostini.<\/p>\n<p><strong>Propuesta interactiva<\/strong><\/p>\n<p>Ya en la segunda sala, y mientras los ni\u00f1os y las ni\u00f1as participaban activamente de las diferentes propuestas, Pieragostini detall\u00f3 que se trata de \u00abun espacio para que chicos y grandes tengan una acci\u00f3n interactiva con los contenidos. Hay una actividad en torno a una mesa donde est\u00e1n los diferentes derechos y ellos los ponen en relaci\u00f3n con la vida cotidiana; y tambi\u00e9n una propuesta para trabajar con el Pre\u00e1mbulo, donde lo van completando colectivamente a partir de frases imantadas\u00bb. Tambi\u00e9n, se puede visualizar una animaci\u00f3n que recompone el cuadro &#8216;Los Constituyentes del 53&#8217; de Antonio Alice, y que representa aquel momento hist\u00f3rico.<\/p>\n<p>Finalmente, Patricia Pieragostini invit\u00f3 a \u00abrecorrer este espacio, Santa Fe, &#8216;Cuidad de la Constituci\u00f3n&#8217;, donde van a encontrarse con todo este gran proyecto que pone en valor esta condici\u00f3n de nuestra ciudad, y que muy pronto vamos a poder disfrutar en el Museo de la Constituci\u00f3n, y lo que ser\u00e1 m\u00e1s tarde, la tercera etapa del proyecto, la Biblioteca\u00bb.<\/p>\n<p><strong>Para todas las edades<\/strong><\/p>\n<p>\u00abAunque todav\u00eda no lo conozco, voy aprendiendo de a poco. Est\u00e1 muy bueno\u00bb, dijo Mateo, de la escuela N\u00ba 5 Mariano Moreno, mientras junto a sus compa\u00f1eros de grado trataban de completar el Pre\u00e1mbulo de la Constituci\u00f3n. Sus amigos, Franco y Camila, coincidieron en que la propuesta de la muestra y los juegos \u00abes muy divertida e interesante. Nos gust\u00f3 mucho\u00bb, aseguraron mientras las gu\u00edas los ayudaban a relacionar los derechos con la vida cotidiana.<\/p>\n<p>Por su parte, Mar\u00eda Soledad, docente de la Escuela Agrot\u00e9cnica N\u00ba 690 de Laguna Paiva expres\u00f3: \u00abEl lugar es fant\u00e1stico. Muy bien organizado, con la explicaci\u00f3n del gu\u00eda, y los chicos muy interesados. Adem\u00e1s, muestra los circuitos tur\u00edsticos para que despu\u00e9s podamos volver y recorrerlos. Me parece muy interesante, realmente todo muy lindo\u00bb resalt\u00f3.<\/p>\n<p>Tambi\u00e9n las mam\u00e1s est\u00e1n presentes acompa\u00f1ando a sus hijos. \u00abMe emocion\u00f3 mucho ver c\u00f3mo Santa Fe es un monumento, donde todas sus calles y edificios hablan de la Constituci\u00f3n. Es muy interesante, sinceramente no lo sab\u00eda, me gust\u00f3 mucho y me llen\u00f3 de orgullo\u00bb, expres\u00f3 Carina, una de las madres que acompa\u00f1aba a uno de los contingentes. \u00abAdem\u00e1s, me parece fundamental que chicos y grandes, sin importar las edades, conozcamos nuestros derechos. Es una buena manera de transmitirlos. Hacen al ciudadano y a la educaci\u00f3n c\u00edvica\u00bb, valor\u00f3.<\/p>\n<h6>Fuente: Uno Santa Fe<\/h6>\n","protected":false},"excerpt":{"rendered":"<p>As\u00ed se denomina el espacio que forma parte de la mega muestra que ya visitaron m\u00e1s de 180 mil personas de diferentes puntos del pa\u00eds y que estar\u00e1 vigente hasta el 24 de junio en la Estaci\u00f3n Belgrano.<\/p>\n","protected":false},"author":2,"featured_media":64169,"comment_status":"closed","ping_status":"closed","sticky":false,"template":"","format":"standard","meta":{"footnotes":""},"categories":[2],"tags":[10],"class_list":["post-64168","post","type-post","status-publish","format-standard","has-post-thumbnail","hentry","category-informe-municipal","tag-santa-fe"],"_links":{"self":[{"href":"http:\/\/argentinamunicipal.com.ar\/argentina\/wp-json\/wp\/v2\/posts\/64168","targetHints":{"allow":["GET"]}}],"collection":[{"href":"http:\/\/argentinamunicipal.com.ar\/argentina\/wp-json\/wp\/v2\/posts"}],"about":[{"href":"http:\/\/argentinamunicipal.com.ar\/argentina\/wp-json\/wp\/v2\/types\/post"}],"author":[{"embeddable":true,"href":"http:\/\/argentinamunicipal.com.ar\/argentina\/wp-json\/wp\/v2\/users\/2"}],"replies":[{"embeddable":true,"href":"http:\/\/argentinamunicipal.com.ar\/argentina\/wp-json\/wp\/v2\/comments?post=64168"}],"version-history":[{"count":0,"href":"http:\/\/argentinamunicipal.com.ar\/argentina\/wp-json\/wp\/v2\/posts\/64168\/revisions"}],"wp:featuredmedia":[{"embeddable":true,"href":"http:\/\/argentinamunicipal.com.ar\/argentina\/wp-json\/wp\/v2\/media\/64169"}],"wp:attachment":[{"href":"http:\/\/argentinamunicipal.com.ar\/argentina\/wp-json\/wp\/v2\/media?parent=64168"}],"wp:term":[{"taxonomy":"category","embeddable":true,"href":"http:\/\/argentinamunicipal.com.ar\/argentina\/wp-json\/wp\/v2\/categories?post=64168"},{"taxonomy":"post_tag","embeddable":true,"href":"http:\/\/argentinamunicipal.com.ar\/argentina\/wp-json\/wp\/v2\/tags?post=64168"}],"curies":[{"name":"wp","href":"https:\/\/api.w.org\/{rel}","templated":true}]}}