{"id":64171,"date":"2017-06-14T06:40:49","date_gmt":"2017-06-14T09:40:49","guid":{"rendered":"http:\/\/argentinamunicipal.com.ar\/argentina\/?p=64171"},"modified":"2017-06-14T07:43:33","modified_gmt":"2017-06-14T10:43:33","slug":"carreros-se-suman-al-programa-rosario-emprende","status":"publish","type":"post","link":"http:\/\/argentinamunicipal.com.ar\/argentina\/carreros-se-suman-al-programa-rosario-emprende\/","title":{"rendered":"Carreros se suman al programa Rosario Emprende"},"content":{"rendered":"<p>Se realiz\u00f3 un primer encuentro junto a cincuenta ex trabajadores de carro, en el cual se presentaron herramientas para su reconversi\u00f3n laboral.<\/p>\n<p>En la ma\u00f1ana del martes 13 de junio, tuvo lugar en el Centro Municipal Distrito Sur Rosa Ziperovich una presentaci\u00f3n especial del programa Rosario Emprende, orientada espec\u00edficamente a ex carreras y carreros de distintos barrios del sur y del sudoeste de la ciudad. Unos cincuenta ex trabajadores de carro con caballo se hicieron presentes para recibir herramientas para encarar su reconversi\u00f3n laboral.<\/p>\n<p>A partir del programa Andando, decenas de personas que trabajaban en carros con tracci\u00f3n a sangre pudieron dejar esa ocupaci\u00f3n para emprender otros caminos laborales. En este sentido, Rosario Emprende busca acompa\u00f1ar a las familias en la transici\u00f3n a trav\u00e9s de la Escuela de Emprendedores, acerc\u00e1ndoles herramientas como capacitaciones en oficios, financiamiento, espacios de comercializaci\u00f3n y gesti\u00f3n de emprendimientos.<\/p>\n<p>Antes de la capacitaci\u00f3n, que consisti\u00f3 en una versi\u00f3n abreviada del ABC para emprendedores, la intendenta M\u00f3nica Fein dedic\u00f3 unas palabras a los presentes y agradeci\u00f3 el esfuerzo y el compromiso de todos con la transformaci\u00f3n. \u201cReconocemos el trabajo que ustedes vienen haciendo y queremos seguir acompa\u00f1\u00e1ndolos para que tengan un trabajo que les permita, como hasta ahora, mantener a su familia e ir para adelante. Sepan que no los vamos a dejar solos y que vamos a estar al lado de cada uno de ustedes, acompa\u00f1\u00e1ndolos en este nuevo proceso\u201d, expres\u00f3.<\/p>\n<p>Tambi\u00e9n estuvo presente el secretario de Econom\u00eda Social, Nicol\u00e1s Gianelloni, junto diversos representantes del \u00e1rea y del programa Rosario Emprende. Juan Dezan, quien estuvo a cargo de la capacitaci\u00f3n, cont\u00f3: \u201cHoy explicamos cu\u00e1les son todas las herramientas que dispone la Secretar\u00eda para aquellas personas que quieran iniciar un emprendimiento y reconvertirse productivamente, como es el caso de los carreros\u201d.<\/p>\n<p>Algunos de los participantes ya tienen definido su emprendimiento o participaron de capacitaciones en oficios, mientras que otros todav\u00eda dudan. En relaci\u00f3n a esto, Dezan secund\u00f3 el mensaje de la intendenta Fein: \u201cHay algunas que todav\u00eda tienen mucha incertidumbre sobre c\u00f3mo salir adelante. A esas personas queremos dejarles en claro que se los va a acompa\u00f1ar en todo lo que necesiten y no se los va a dejar solos. Esto no se termina con esta capacitaci\u00f3n, es el comienzo de un camino de posibilidades para poder potenciar aquellas cosas que ellos saben hacer y, a partir de eso, reconvertirse productivamente y solventar las necesidades de su familia\u201d.<\/p>\n<p>Finalmente, Fein reflexion\u00f3: \u201cEl programa Andando ha sido un programa muy exitoso que ha contemplado a m\u00e1s de 1300 familias, que les ha permitido dejar el carro con tracci\u00f3n a sangre y buscar otro mecanismo para garantizar su sustentabilidad econ\u00f3mica y su trabajo. El Estado los viene acompa\u00f1ando no s\u00f3lo con subsidios sino con capacitaci\u00f3n, para poder buscar otros caminos: algunos tienen que ver con el reciclado, otros con aprender nuevos oficios o formar cooperativas\u201d.<\/p>\n<p><strong>Rosario Emprende<\/strong><\/p>\n<p>Es un proyecto estrat\u00e9gico de la Municipalidad de Rosario para generar mayor inclusi\u00f3n socioproductiva a trav\u00e9s de la formaci\u00f3n, desarrollo e impulso de emprendimientos eficientes y efectivos, brindando herramientas para acompa\u00f1ar al emprendedor en su trayecto de inserci\u00f3n, fortalecimiento subjetivo, inclusi\u00f3n social e impulso y desarrollo de su plan.<\/p>\n<p>M\u00e1s de 1.500 rosarinas y rosarinos accedieron a cursos, talleres, capacitaciones y a diversas herramientas para proyectar y potenciar sus proyectos durante 2016.<\/p>\n<p><strong>Escuela de Emprendedores<\/strong><\/p>\n<p>Un espacio de formaci\u00f3n integral, fortalecimiento y consolidaci\u00f3n de emprendimientos sustentables. Para acceder a los talleres de la Escuela, los interesados deben formar parte del programa Rosario Emprende.<\/p>\n<p>Por medio de la Escuela de Emprendedores con el dictado del ABC del emprendedor se ofrece una variada gama de herramientas para quienes deseen desarrollar un emprendimiento productivo: planificaci\u00f3n integral, introducci\u00f3n al marketing y comercializaci\u00f3n, c\u00e1lculo de costos y fijaci\u00f3n de precios, dise\u00f1o y comunicaci\u00f3n y un taller final de presentaci\u00f3n de proyecto.<\/p>\n<p>Este ciclo de formaci\u00f3n b\u00e1sica dictado por expertos consta de alrededor de 15 horas de capacitaci\u00f3n te\u00f3rica y pr\u00e1ctica, divididos en 5 m\u00f3dulos de aprendizaje de dos horas y media de duraci\u00f3n. Es un espacio que promueve el fortalecimiento y la consolidaci\u00f3n de negocios sustentables, y a la vez, nutre al emprendedor de los elementos b\u00e1sicos a tener en cuenta para llevar adelante un proyecto de forma exitosa.<\/p>\n<p>El ABC permite la entrada a ferias y a otros canales de comercializaci\u00f3n. Esto significa que no s\u00f3lo se apoya al emprendedor durante el proceso de capacitaci\u00f3n, sino que tambi\u00e9n se le ofrece una salida laboral para que pueda desarrollar los contenidos adquiridos.<\/p>\n<h6>\nFuente: Sin Mordaza<\/h6>\n","protected":false},"excerpt":{"rendered":"<p>Se realiz\u00f3 un primer encuentro junto a cincuenta ex trabajadores de carro, en el cual se presentaron herramientas para su reconversi\u00f3n laboral.<\/p>\n","protected":false},"author":2,"featured_media":64172,"comment_status":"closed","ping_status":"closed","sticky":false,"template":"","format":"standard","meta":{"footnotes":""},"categories":[2],"tags":[10],"class_list":["post-64171","post","type-post","status-publish","format-standard","has-post-thumbnail","hentry","category-informe-municipal","tag-santa-fe"],"_links":{"self":[{"href":"http:\/\/argentinamunicipal.com.ar\/argentina\/wp-json\/wp\/v2\/posts\/64171","targetHints":{"allow":["GET"]}}],"collection":[{"href":"http:\/\/argentinamunicipal.com.ar\/argentina\/wp-json\/wp\/v2\/posts"}],"about":[{"href":"http:\/\/argentinamunicipal.com.ar\/argentina\/wp-json\/wp\/v2\/types\/post"}],"author":[{"embeddable":true,"href":"http:\/\/argentinamunicipal.com.ar\/argentina\/wp-json\/wp\/v2\/users\/2"}],"replies":[{"embeddable":true,"href":"http:\/\/argentinamunicipal.com.ar\/argentina\/wp-json\/wp\/v2\/comments?post=64171"}],"version-history":[{"count":0,"href":"http:\/\/argentinamunicipal.com.ar\/argentina\/wp-json\/wp\/v2\/posts\/64171\/revisions"}],"wp:featuredmedia":[{"embeddable":true,"href":"http:\/\/argentinamunicipal.com.ar\/argentina\/wp-json\/wp\/v2\/media\/64172"}],"wp:attachment":[{"href":"http:\/\/argentinamunicipal.com.ar\/argentina\/wp-json\/wp\/v2\/media?parent=64171"}],"wp:term":[{"taxonomy":"category","embeddable":true,"href":"http:\/\/argentinamunicipal.com.ar\/argentina\/wp-json\/wp\/v2\/categories?post=64171"},{"taxonomy":"post_tag","embeddable":true,"href":"http:\/\/argentinamunicipal.com.ar\/argentina\/wp-json\/wp\/v2\/tags?post=64171"}],"curies":[{"name":"wp","href":"https:\/\/api.w.org\/{rel}","templated":true}]}}