{"id":64203,"date":"2017-06-15T06:58:06","date_gmt":"2017-06-15T09:58:06","guid":{"rendered":"http:\/\/argentinamunicipal.com.ar\/argentina\/?p=64203"},"modified":"2017-06-15T06:58:06","modified_gmt":"2017-06-15T09:58:06","slug":"crece-la-desocupacion-pais-segun-indec-llego-al-92-supero-registro-2016","status":"publish","type":"post","link":"http:\/\/argentinamunicipal.com.ar\/argentina\/crece-la-desocupacion-pais-segun-indec-llego-al-92-supero-registro-2016\/","title":{"rendered":"Crece la desocupaci\u00f3n en el pa\u00eds: Seg\u00fan el INDEC lleg\u00f3 al 9,2% y super\u00f3 el registro de 2016"},"content":{"rendered":"<p>En el primer trimestre ya registr\u00f3 dos puntos m\u00e1s por sobre lo que se estim\u00f3 en todo 2016. En la provincia, Bah\u00eda Blanca, Mar del Plata y el Conurbano son las zonas m\u00e1s afectadas.<\/p>\n<p>Seg\u00fan el Instituto Nacional de Estad\u00edstica y Censos (Indec), la\u00a0tasa de desempleo de Argentina trep\u00f3 a 9,2% en el primer trimestre de 2017, a partir de su \u00faltimo informe presentado este mi\u00e9rcoles.<\/p>\n<p>\u201cLa tasa de desocupaci\u00f3n presenta un incremento estad\u00edsticamente significativo\u201d, describieron desde el instituto.<\/p>\n<p>En la provincia, las regiones con m\u00e1s desocupaci\u00f3n son el conurbano, Mar del Plata, La Plata y Bah\u00eda Blanca, los grandes centros urbanos.<\/p>\n<p>\u201cEn este informe se difunden los resultados correspondientes al primer trimestre de 2017. Para la comparaci\u00f3n se incluyen el segundo, el tercer y el cuarto trimestre de 2016. No se presentan datos de trimestres anteriores dado que, conforme a la emergencia estad\u00edstica\u201d, explica el documento presentado por \u00a0el INDEC.<\/p>\n<p>Seg\u00fan los conglomerados que estudia el instituto estatal, la desocupaci\u00f3n en la provincia es la siguiente:<\/p>\n<p>Partidos del gran Buenos Aires: 11,8 % de desocupaci\u00f3n.<\/p>\n<p>La Plata: 8,0%<\/p>\n<p>Mar del plata: 10,4%<\/p>\n<p>Bah\u00eda Blanca: 7,6%<\/p>\n<p>En el \u00faltimo trimestre del a\u00f1o pasado,\u00a0la tasa de desempleo oficial se ubic\u00f3 en un 7,6%, lo que determina que el desempleo en todo el pa\u00eds ha aumentado dos puntos, teniendo en cuenta que el total trep\u00f3 a 9,2%.<\/p>\n<p>Seg\u00fan el soci\u00f3logo Artemio L\u00f3pez, la desocupaci\u00f3n es record, ya que habr\u00eda llegado a los niveles registrados en 2005.<\/p>\n<h6>Fuente: InfoCielo<\/h6>\n","protected":false},"excerpt":{"rendered":"<p>En el primer trimestre ya registr\u00f3 dos puntos m\u00e1s por sobre lo que se estim\u00f3 en todo 2016. En la provincia, Bah\u00eda Blanca, Mar del Plata y el Conurbano son las zonas m\u00e1s afectadas.<\/p>\n","protected":false},"author":2,"featured_media":64204,"comment_status":"closed","ping_status":"closed","sticky":false,"template":"","format":"standard","meta":{"footnotes":""},"categories":[8],"tags":[21],"class_list":["post-64203","post","type-post","status-publish","format-standard","has-post-thumbnail","hentry","category-informe-nacional","tag-argentina"],"_links":{"self":[{"href":"http:\/\/argentinamunicipal.com.ar\/argentina\/wp-json\/wp\/v2\/posts\/64203","targetHints":{"allow":["GET"]}}],"collection":[{"href":"http:\/\/argentinamunicipal.com.ar\/argentina\/wp-json\/wp\/v2\/posts"}],"about":[{"href":"http:\/\/argentinamunicipal.com.ar\/argentina\/wp-json\/wp\/v2\/types\/post"}],"author":[{"embeddable":true,"href":"http:\/\/argentinamunicipal.com.ar\/argentina\/wp-json\/wp\/v2\/users\/2"}],"replies":[{"embeddable":true,"href":"http:\/\/argentinamunicipal.com.ar\/argentina\/wp-json\/wp\/v2\/comments?post=64203"}],"version-history":[{"count":0,"href":"http:\/\/argentinamunicipal.com.ar\/argentina\/wp-json\/wp\/v2\/posts\/64203\/revisions"}],"wp:featuredmedia":[{"embeddable":true,"href":"http:\/\/argentinamunicipal.com.ar\/argentina\/wp-json\/wp\/v2\/media\/64204"}],"wp:attachment":[{"href":"http:\/\/argentinamunicipal.com.ar\/argentina\/wp-json\/wp\/v2\/media?parent=64203"}],"wp:term":[{"taxonomy":"category","embeddable":true,"href":"http:\/\/argentinamunicipal.com.ar\/argentina\/wp-json\/wp\/v2\/categories?post=64203"},{"taxonomy":"post_tag","embeddable":true,"href":"http:\/\/argentinamunicipal.com.ar\/argentina\/wp-json\/wp\/v2\/tags?post=64203"}],"curies":[{"name":"wp","href":"https:\/\/api.w.org\/{rel}","templated":true}]}}