{"id":64212,"date":"2017-06-15T07:18:04","date_gmt":"2017-06-15T10:18:04","guid":{"rendered":"http:\/\/argentinamunicipal.com.ar\/argentina\/?p=64212"},"modified":"2017-06-15T07:18:04","modified_gmt":"2017-06-15T10:18:04","slug":"fuerte-mensaje-francisco-macri-las-pensiones-discapacidad","status":"publish","type":"post","link":"http:\/\/argentinamunicipal.com.ar\/argentina\/fuerte-mensaje-francisco-macri-las-pensiones-discapacidad\/","title":{"rendered":"Fuerte mensaje de Francisco para Macri sobre las pensiones por discapacidad"},"content":{"rendered":"<p>El Pont\u00edfice public\u00f3 en las redes una foto que es todo un mensaje al gobierno de Cambiemos en medio de los recortes a personas con discapacidades.<\/p>\n<p>El papa Francisco volvi\u00f3 a participar de las discusiones que conmueven al pa\u00eds y lo hizo desde el Vaticano, en un gesto emitido a todo el mundo pero que repercute en la pol\u00edtica Argentina con gran resonancia.<\/p>\n<p>En medio del repudio generalizado de la clase pol\u00edtica argentina a la medida del gobierno de Cambiemos de recortar la ayuda social a personas con discapacidad, y durante una audiencia general en la que recibi\u00f3 a varios j\u00f3venes con problemas f\u00edsicos, el Papa poste\u00f3 en Instagram un mensaje contundente: \u00abTransmitamos a los dem\u00e1s el amor de Dios, para que se encienda en todos una esperanza nueva\u00bb, dijo.<\/p>\n<p>\u00bfRecoger\u00e1n el guante los dirigentes del oficialismo?<\/p>\n<h6>Fuente: InfoNews<\/h6>\n","protected":false},"excerpt":{"rendered":"<p>El Pont\u00edfice public\u00f3 en las redes una foto que es todo un mensaje al gobierno de Cambiemos en medio de los recortes a personas con discapacidades.<\/p>\n","protected":false},"author":2,"featured_media":64213,"comment_status":"closed","ping_status":"closed","sticky":false,"template":"","format":"standard","meta":{"footnotes":""},"categories":[8],"tags":[21],"class_list":["post-64212","post","type-post","status-publish","format-standard","has-post-thumbnail","hentry","category-informe-nacional","tag-argentina"],"_links":{"self":[{"href":"http:\/\/argentinamunicipal.com.ar\/argentina\/wp-json\/wp\/v2\/posts\/64212","targetHints":{"allow":["GET"]}}],"collection":[{"href":"http:\/\/argentinamunicipal.com.ar\/argentina\/wp-json\/wp\/v2\/posts"}],"about":[{"href":"http:\/\/argentinamunicipal.com.ar\/argentina\/wp-json\/wp\/v2\/types\/post"}],"author":[{"embeddable":true,"href":"http:\/\/argentinamunicipal.com.ar\/argentina\/wp-json\/wp\/v2\/users\/2"}],"replies":[{"embeddable":true,"href":"http:\/\/argentinamunicipal.com.ar\/argentina\/wp-json\/wp\/v2\/comments?post=64212"}],"version-history":[{"count":0,"href":"http:\/\/argentinamunicipal.com.ar\/argentina\/wp-json\/wp\/v2\/posts\/64212\/revisions"}],"wp:featuredmedia":[{"embeddable":true,"href":"http:\/\/argentinamunicipal.com.ar\/argentina\/wp-json\/wp\/v2\/media\/64213"}],"wp:attachment":[{"href":"http:\/\/argentinamunicipal.com.ar\/argentina\/wp-json\/wp\/v2\/media?parent=64212"}],"wp:term":[{"taxonomy":"category","embeddable":true,"href":"http:\/\/argentinamunicipal.com.ar\/argentina\/wp-json\/wp\/v2\/categories?post=64212"},{"taxonomy":"post_tag","embeddable":true,"href":"http:\/\/argentinamunicipal.com.ar\/argentina\/wp-json\/wp\/v2\/tags?post=64212"}],"curies":[{"name":"wp","href":"https:\/\/api.w.org\/{rel}","templated":true}]}}